{"id":7029,"date":"2018-12-01T13:52:00","date_gmt":"2018-12-01T21:52:00","guid":{"rendered":"https:\/\/www.sacregcf.org\/fundacion-kim-pacini-hauch-y-richard-hauch\/"},"modified":"2024-08-20T15:25:07","modified_gmt":"2024-08-20T22:25:07","slug":"fundacion-kim-pacini-hauch-y-richard-hauch","status":"publish","type":"post","link":"https:\/\/www.sacregcf.org\/es\/fundacion-kim-pacini-hauch-y-richard-hauch\/","title":{"rendered":"Fundaci\u00f3n Kim Pacini-Hauch y Richard Hauch"},"content":{"rendered":"\n<p>Cuando Kim Pacini-Hauch entr\u00f3 en el refugio de animales de Front Street y puso sus ojos en Teddy, un terrier que esperaba encontrar su hogar definitivo, fue amor a primera vista.\nM\u00e1s de treinta a\u00f1os despu\u00e9s, Kim y su esposo, Richard Hauch, contin\u00faan siendo apasionados defensores del bienestar animal, apoyando a los refugios locales y patrocinando d\u00edas de adopci\u00f3n. <\/p>\n\n<p>A trav\u00e9s del trabajo duro y la dedicaci\u00f3n, Kim construy\u00f3 una carrera inmobiliaria tremendamente exitosa y Richard sirvi\u00f3 a esta comunidad como anestesi\u00f3logo en Mercy General Hospital durante casi cuatro d\u00e9cadas.\nAfortunadamente para las organizaciones sin fines de lucro de toda la regi\u00f3n, ponen esa misma dedicaci\u00f3n en apoyar las causas que aman. <\/p>\n\n<p>Juntos, establecieron un programa de <a href=\"https:\/\/www.sacregcf.org\/donors\/become-a-fundholder\/open-a-charitable-fund\/donor-advised-fund\/\">donaci\u00f3n en<\/a><a href=\"https:\/\/www.sacregcf.org\/es\/donantes\/fondos-asesorados-por-donantes\/\"> la Fundaci\u00f3n para facilitar sus donaciones, y ahora se benefician de la administraci\u00f3n caritativa experta de la Fundaci\u00f3n y del profundo conocimiento de la comunidad.<\/a> Como fil\u00e1ntropos desde hace mucho tiempo, Kim y Richard son conocidos por su generosidad en toda esta comunidad, y a trav\u00e9s <strong>de la Fundaci\u00f3n Kim Pacini-Hauch y Richard Hauch<\/strong>, sus donaciones ben\u00e9ficas siguen siendo eficientes e impactantes.<\/p>\n\n<div class=\"wp-block-group has-tertiary-background-color has-background has-global-padding is-layout-constrained wp-container-core-group-is-layout-b943e229 wp-block-group-is-layout-constrained\" style=\"margin-top:var(--wp--preset--spacing--124);margin-bottom:0px;padding-top:var(--wp--preset--spacing--45);padding-bottom:var(--wp--preset--spacing--45)\">\n<div class=\"wp-block-group alignwide has-global-padding is-layout-constrained wp-container-core-group-is-layout-d89cf271 wp-block-group-is-layout-constrained\" style=\"margin-top:0;margin-bottom:0;padding-top:var(--wp--preset--spacing--36);padding-right:var(--wp--preset--spacing--24);padding-bottom:0;padding-left:var(--wp--preset--spacing--24)\">\n<p class=\"has-text-align-center has-base-color has-text-color has-link-color wp-elements-db8686181537081229ba6f6538292563\" style=\"font-size:clamp(1.039rem, 1.039rem + ((1vw - 0.2rem) * 0.801), 1.6rem);font-style:normal;font-weight:500\">\u00bfC\u00f3mo llamar\u00e1 a su fondo ben\u00e9fico?<\/p>\n\n\n\n<p class=\"has-text-align-center\">Encuentre la soluci\u00f3n filantr\u00f3pica m\u00e1s adecuada para usted y fortalezca la regi\u00f3n de Sacramento.<\/p>\n\n\n\n<div class=\"wp-block-buttons alignwide has-custom-font-size has-medium-font-size is-horizontal is-content-justification-center is-nowrap is-layout-flex wp-container-core-buttons-is-layout-317378f4 wp-block-buttons-is-layout-flex\" style=\"margin-bottom:var(--wp--preset--spacing--36)\">\n<div class=\"wp-block-button has-custom-font-size secondary-button\" style=\"font-size:clamp(0.875rem, 0.875rem + ((1vw - 0.2rem) * 0.179), 1rem);\"><a class=\"wp-block-button__link has-contrast-color has-text-color has-link-color has-text-align-left wp-element-button\" href=\"https:\/\/www.sacregcf.org\/es\/donantes\/\">Abrir un fondo<\/a><\/div>\n<\/div>\n<\/div>\n<\/div>\n\n<div style=\"height:100px\" aria-hidden=\"true\" class=\"wp-block-spacer\"><\/div>\n","protected":false},"excerpt":{"rendered":"<p>Fortalecer el bienestar animal en toda nuestra comunidad.<\/p>\n","protected":false},"author":4,"featured_media":6589,"comment_status":"closed","ping_status":"open","sticky":false,"template":"post-without-date","format":"standard","meta":{"_acf_changed":false,"tpgb_global_settings":"","_searchwp_excluded":"","_jetpack_memberships_contains_paid_content":false,"footnotes":"","_links_to":"","_links_to_target":""},"categories":[28],"tags":[],"class_list":["post-7029","post","type-post","status-publish","format-standard","has-post-thumbnail","hentry","category-historias-de-donantes"],"acf":[],"yoast_head":"<!-- This site is optimized with the Yoast SEO plugin v27.4 - https:\/\/yoast.com\/product\/yoast-seo-wordpress\/ -->\n<title>Fundaci\u00f3n Kim Pacini-Hauch y Richard Hauch - Sacramento Region Community Foundation<\/title>\n<meta name=\"robots\" content=\"index, follow, max-snippet:-1, max-image-preview:large, max-video-preview:-1\" \/>\n<link rel=\"canonical\" href=\"https:\/\/www.sacregcf.org\/es\/fundacion-kim-pacini-hauch-y-richard-hauch\/\" \/>\n<meta property=\"og:locale\" content=\"es_ES\" \/>\n<meta property=\"og:type\" content=\"article\" \/>\n<meta property=\"og:title\" content=\"Fundaci\u00f3n Kim Pacini-Hauch y Richard Hauch - Sacramento Region Community Foundation\" \/>\n<meta property=\"og:description\" content=\"Fortalecer el bienestar animal en toda nuestra comunidad.\" \/>\n<meta property=\"og:url\" content=\"https:\/\/www.sacregcf.org\/es\/fundacion-kim-pacini-hauch-y-richard-hauch\/\" \/>\n<meta property=\"og:site_name\" content=\"Sacramento Region Community Foundation\" \/>\n<meta property=\"article:publisher\" content=\"http:\/\/www.facebook.com\/sacregcf\" \/>\n<meta property=\"article:published_time\" content=\"2018-12-01T21:52:00+00:00\" \/>\n<meta property=\"article:modified_time\" content=\"2024-08-20T22:25:07+00:00\" \/>\n<meta property=\"og:image\" content=\"https:\/\/www.sacregcf.org\/wp-content\/uploads\/2023\/12\/Kim-Pacini-Hauch-and-Richard-Hauch.1500-1024x832.png\" \/>\n\t<meta property=\"og:image:width\" content=\"1024\" \/>\n\t<meta property=\"og:image:height\" content=\"832\" \/>\n\t<meta property=\"og:image:type\" content=\"image\/png\" \/>\n<meta name=\"author\" content=\"Kelly Siefkin\" \/>\n<meta name=\"twitter:card\" content=\"summary_large_image\" \/>\n<meta name=\"twitter:creator\" content=\"@sacregcf\" \/>\n<meta name=\"twitter:site\" content=\"@sacregcf\" \/>\n<script type=\"application\/ld+json\" class=\"yoast-schema-graph\">{\"@context\":\"https:\\\/\\\/schema.org\",\"@graph\":[{\"@type\":\"Article\",\"@id\":\"https:\\\/\\\/www.sacregcf.org\\\/es\\\/fundacion-kim-pacini-hauch-y-richard-hauch\\\/#article\",\"isPartOf\":{\"@id\":\"https:\\\/\\\/www.sacregcf.org\\\/es\\\/fundacion-kim-pacini-hauch-y-richard-hauch\\\/\"},\"author\":{\"name\":\"Kelly Siefkin\",\"@id\":\"https:\\\/\\\/sacramento-region-community-foundation.mystagingwebsite.com\\\/#\\\/schema\\\/person\\\/7e7b022da83398ab7c0afc166a3806f3\"},\"headline\":\"Fundaci\u00f3n Kim Pacini-Hauch y Richard Hauch\",\"datePublished\":\"2018-12-01T21:52:00+00:00\",\"dateModified\":\"2024-08-20T22:25:07+00:00\",\"mainEntityOfPage\":{\"@id\":\"https:\\\/\\\/www.sacregcf.org\\\/es\\\/fundacion-kim-pacini-hauch-y-richard-hauch\\\/\"},\"wordCount\":208,\"publisher\":{\"@id\":\"https:\\\/\\\/sacramento-region-community-foundation.mystagingwebsite.com\\\/#organization\"},\"image\":{\"@id\":\"https:\\\/\\\/www.sacregcf.org\\\/es\\\/fundacion-kim-pacini-hauch-y-richard-hauch\\\/#primaryimage\"},\"thumbnailUrl\":\"https:\\\/\\\/i0.wp.com\\\/www.sacregcf.org\\\/wp-content\\\/uploads\\\/2023\\\/12\\\/Kim-Pacini-Hauch-and-Richard-Hauch.1500.png?fit=1500%2C1219&ssl=1\",\"articleSection\":[\"Historias de donantes\"],\"inLanguage\":\"es\"},{\"@type\":\"WebPage\",\"@id\":\"https:\\\/\\\/www.sacregcf.org\\\/es\\\/fundacion-kim-pacini-hauch-y-richard-hauch\\\/\",\"url\":\"https:\\\/\\\/www.sacregcf.org\\\/es\\\/fundacion-kim-pacini-hauch-y-richard-hauch\\\/\",\"name\":\"Fundaci\u00f3n Kim Pacini-Hauch y Richard Hauch - Sacramento Region Community Foundation\",\"isPartOf\":{\"@id\":\"https:\\\/\\\/sacramento-region-community-foundation.mystagingwebsite.com\\\/#website\"},\"primaryImageOfPage\":{\"@id\":\"https:\\\/\\\/www.sacregcf.org\\\/es\\\/fundacion-kim-pacini-hauch-y-richard-hauch\\\/#primaryimage\"},\"image\":{\"@id\":\"https:\\\/\\\/www.sacregcf.org\\\/es\\\/fundacion-kim-pacini-hauch-y-richard-hauch\\\/#primaryimage\"},\"thumbnailUrl\":\"https:\\\/\\\/i0.wp.com\\\/www.sacregcf.org\\\/wp-content\\\/uploads\\\/2023\\\/12\\\/Kim-Pacini-Hauch-and-Richard-Hauch.1500.png?fit=1500%2C1219&ssl=1\",\"datePublished\":\"2018-12-01T21:52:00+00:00\",\"dateModified\":\"2024-08-20T22:25:07+00:00\",\"breadcrumb\":{\"@id\":\"https:\\\/\\\/www.sacregcf.org\\\/es\\\/fundacion-kim-pacini-hauch-y-richard-hauch\\\/#breadcrumb\"},\"inLanguage\":\"es\",\"potentialAction\":[{\"@type\":\"ReadAction\",\"target\":[\"https:\\\/\\\/www.sacregcf.org\\\/es\\\/fundacion-kim-pacini-hauch-y-richard-hauch\\\/\"]}]},{\"@type\":\"ImageObject\",\"inLanguage\":\"es\",\"@id\":\"https:\\\/\\\/www.sacregcf.org\\\/es\\\/fundacion-kim-pacini-hauch-y-richard-hauch\\\/#primaryimage\",\"url\":\"https:\\\/\\\/i0.wp.com\\\/www.sacregcf.org\\\/wp-content\\\/uploads\\\/2023\\\/12\\\/Kim-Pacini-Hauch-and-Richard-Hauch.1500.png?fit=1500%2C1219&ssl=1\",\"contentUrl\":\"https:\\\/\\\/i0.wp.com\\\/www.sacregcf.org\\\/wp-content\\\/uploads\\\/2023\\\/12\\\/Kim-Pacini-Hauch-and-Richard-Hauch.1500.png?fit=1500%2C1219&ssl=1\",\"width\":1500,\"height\":1219},{\"@type\":\"BreadcrumbList\",\"@id\":\"https:\\\/\\\/www.sacregcf.org\\\/es\\\/fundacion-kim-pacini-hauch-y-richard-hauch\\\/#breadcrumb\",\"itemListElement\":[{\"@type\":\"ListItem\",\"position\":1,\"name\":\"Home\",\"item\":\"https:\\\/\\\/www.sacregcf.org\\\/es\\\/\"},{\"@type\":\"ListItem\",\"position\":2,\"name\":\"Fundaci\u00f3n Kim Pacini-Hauch y Richard Hauch\"}]},{\"@type\":\"WebSite\",\"@id\":\"https:\\\/\\\/sacramento-region-community-foundation.mystagingwebsite.com\\\/#website\",\"url\":\"https:\\\/\\\/sacramento-region-community-foundation.mystagingwebsite.com\\\/\",\"name\":\"Sacramento Region Community Foundation\",\"description\":\"Philanthropic solutions and leadership for a vibrant Sacramento region\",\"publisher\":{\"@id\":\"https:\\\/\\\/sacramento-region-community-foundation.mystagingwebsite.com\\\/#organization\"},\"potentialAction\":[{\"@type\":\"SearchAction\",\"target\":{\"@type\":\"EntryPoint\",\"urlTemplate\":\"https:\\\/\\\/sacramento-region-community-foundation.mystagingwebsite.com\\\/?s={search_term_string}\"},\"query-input\":{\"@type\":\"PropertyValueSpecification\",\"valueRequired\":true,\"valueName\":\"search_term_string\"}}],\"inLanguage\":\"es\"},{\"@type\":\"Organization\",\"@id\":\"https:\\\/\\\/sacramento-region-community-foundation.mystagingwebsite.com\\\/#organization\",\"name\":\"Sacramento Region Community Foundation\",\"url\":\"https:\\\/\\\/sacramento-region-community-foundation.mystagingwebsite.com\\\/\",\"logo\":{\"@type\":\"ImageObject\",\"inLanguage\":\"es\",\"@id\":\"https:\\\/\\\/sacramento-region-community-foundation.mystagingwebsite.com\\\/#\\\/schema\\\/logo\\\/image\\\/\",\"url\":\"https:\\\/\\\/i0.wp.com\\\/www.sacregcf.org\\\/wp-content\\\/uploads\\\/2023\\\/11\\\/sacrcf-logo.png?fit=1200%2C393&ssl=1\",\"contentUrl\":\"https:\\\/\\\/i0.wp.com\\\/www.sacregcf.org\\\/wp-content\\\/uploads\\\/2023\\\/11\\\/sacrcf-logo.png?fit=1200%2C393&ssl=1\",\"width\":1200,\"height\":393,\"caption\":\"Sacramento Region Community Foundation\"},\"image\":{\"@id\":\"https:\\\/\\\/sacramento-region-community-foundation.mystagingwebsite.com\\\/#\\\/schema\\\/logo\\\/image\\\/\"},\"sameAs\":[\"http:\\\/\\\/www.facebook.com\\\/sacregcf\",\"https:\\\/\\\/x.com\\\/sacregcf\",\"https:\\\/\\\/www.instagram.com\\\/sacregcf\",\"https:\\\/\\\/www.linkedin.com\\\/company\\\/1184838\"]},{\"@type\":\"Person\",\"@id\":\"https:\\\/\\\/sacramento-region-community-foundation.mystagingwebsite.com\\\/#\\\/schema\\\/person\\\/7e7b022da83398ab7c0afc166a3806f3\",\"name\":\"Kelly Siefkin\",\"url\":\"https:\\\/\\\/www.sacregcf.org\\\/es\\\/author\\\/kelly\\\/\"}]}<\/script>\n<!-- \/ Yoast SEO plugin. -->","yoast_head_json":{"title":"Fundaci\u00f3n Kim Pacini-Hauch y Richard Hauch - Sacramento Region Community Foundation","robots":{"index":"index","follow":"follow","max-snippet":"max-snippet:-1","max-image-preview":"max-image-preview:large","max-video-preview":"max-video-preview:-1"},"canonical":"https:\/\/www.sacregcf.org\/es\/fundacion-kim-pacini-hauch-y-richard-hauch\/","og_locale":"es_ES","og_type":"article","og_title":"Fundaci\u00f3n Kim Pacini-Hauch y Richard Hauch - Sacramento Region Community Foundation","og_description":"Fortalecer el bienestar animal en toda nuestra comunidad.","og_url":"https:\/\/www.sacregcf.org\/es\/fundacion-kim-pacini-hauch-y-richard-hauch\/","og_site_name":"Sacramento Region Community Foundation","article_publisher":"http:\/\/www.facebook.com\/sacregcf","article_published_time":"2018-12-01T21:52:00+00:00","article_modified_time":"2024-08-20T22:25:07+00:00","og_image":[{"width":1024,"height":832,"url":"https:\/\/www.sacregcf.org\/wp-content\/uploads\/2023\/12\/Kim-Pacini-Hauch-and-Richard-Hauch.1500-1024x832.png","type":"image\/png"}],"author":"Kelly Siefkin","twitter_card":"summary_large_image","twitter_creator":"@sacregcf","twitter_site":"@sacregcf","schema":{"@context":"https:\/\/schema.org","@graph":[{"@type":"Article","@id":"https:\/\/www.sacregcf.org\/es\/fundacion-kim-pacini-hauch-y-richard-hauch\/#article","isPartOf":{"@id":"https:\/\/www.sacregcf.org\/es\/fundacion-kim-pacini-hauch-y-richard-hauch\/"},"author":{"name":"Kelly Siefkin","@id":"https:\/\/sacramento-region-community-foundation.mystagingwebsite.com\/#\/schema\/person\/7e7b022da83398ab7c0afc166a3806f3"},"headline":"Fundaci\u00f3n Kim Pacini-Hauch y Richard Hauch","datePublished":"2018-12-01T21:52:00+00:00","dateModified":"2024-08-20T22:25:07+00:00","mainEntityOfPage":{"@id":"https:\/\/www.sacregcf.org\/es\/fundacion-kim-pacini-hauch-y-richard-hauch\/"},"wordCount":208,"publisher":{"@id":"https:\/\/sacramento-region-community-foundation.mystagingwebsite.com\/#organization"},"image":{"@id":"https:\/\/www.sacregcf.org\/es\/fundacion-kim-pacini-hauch-y-richard-hauch\/#primaryimage"},"thumbnailUrl":"https:\/\/i0.wp.com\/www.sacregcf.org\/wp-content\/uploads\/2023\/12\/Kim-Pacini-Hauch-and-Richard-Hauch.1500.png?fit=1500%2C1219&ssl=1","articleSection":["Historias de donantes"],"inLanguage":"es"},{"@type":"WebPage","@id":"https:\/\/www.sacregcf.org\/es\/fundacion-kim-pacini-hauch-y-richard-hauch\/","url":"https:\/\/www.sacregcf.org\/es\/fundacion-kim-pacini-hauch-y-richard-hauch\/","name":"Fundaci\u00f3n Kim Pacini-Hauch y Richard Hauch - Sacramento Region Community Foundation","isPartOf":{"@id":"https:\/\/sacramento-region-community-foundation.mystagingwebsite.com\/#website"},"primaryImageOfPage":{"@id":"https:\/\/www.sacregcf.org\/es\/fundacion-kim-pacini-hauch-y-richard-hauch\/#primaryimage"},"image":{"@id":"https:\/\/www.sacregcf.org\/es\/fundacion-kim-pacini-hauch-y-richard-hauch\/#primaryimage"},"thumbnailUrl":"https:\/\/i0.wp.com\/www.sacregcf.org\/wp-content\/uploads\/2023\/12\/Kim-Pacini-Hauch-and-Richard-Hauch.1500.png?fit=1500%2C1219&ssl=1","datePublished":"2018-12-01T21:52:00+00:00","dateModified":"2024-08-20T22:25:07+00:00","breadcrumb":{"@id":"https:\/\/www.sacregcf.org\/es\/fundacion-kim-pacini-hauch-y-richard-hauch\/#breadcrumb"},"inLanguage":"es","potentialAction":[{"@type":"ReadAction","target":["https:\/\/www.sacregcf.org\/es\/fundacion-kim-pacini-hauch-y-richard-hauch\/"]}]},{"@type":"ImageObject","inLanguage":"es","@id":"https:\/\/www.sacregcf.org\/es\/fundacion-kim-pacini-hauch-y-richard-hauch\/#primaryimage","url":"https:\/\/i0.wp.com\/www.sacregcf.org\/wp-content\/uploads\/2023\/12\/Kim-Pacini-Hauch-and-Richard-Hauch.1500.png?fit=1500%2C1219&ssl=1","contentUrl":"https:\/\/i0.wp.com\/www.sacregcf.org\/wp-content\/uploads\/2023\/12\/Kim-Pacini-Hauch-and-Richard-Hauch.1500.png?fit=1500%2C1219&ssl=1","width":1500,"height":1219},{"@type":"BreadcrumbList","@id":"https:\/\/www.sacregcf.org\/es\/fundacion-kim-pacini-hauch-y-richard-hauch\/#breadcrumb","itemListElement":[{"@type":"ListItem","position":1,"name":"Home","item":"https:\/\/www.sacregcf.org\/es\/"},{"@type":"ListItem","position":2,"name":"Fundaci\u00f3n Kim Pacini-Hauch y Richard Hauch"}]},{"@type":"WebSite","@id":"https:\/\/sacramento-region-community-foundation.mystagingwebsite.com\/#website","url":"https:\/\/sacramento-region-community-foundation.mystagingwebsite.com\/","name":"Sacramento Region Community Foundation","description":"Philanthropic solutions and leadership for a vibrant Sacramento region","publisher":{"@id":"https:\/\/sacramento-region-community-foundation.mystagingwebsite.com\/#organization"},"potentialAction":[{"@type":"SearchAction","target":{"@type":"EntryPoint","urlTemplate":"https:\/\/sacramento-region-community-foundation.mystagingwebsite.com\/?s={search_term_string}"},"query-input":{"@type":"PropertyValueSpecification","valueRequired":true,"valueName":"search_term_string"}}],"inLanguage":"es"},{"@type":"Organization","@id":"https:\/\/sacramento-region-community-foundation.mystagingwebsite.com\/#organization","name":"Sacramento Region Community Foundation","url":"https:\/\/sacramento-region-community-foundation.mystagingwebsite.com\/","logo":{"@type":"ImageObject","inLanguage":"es","@id":"https:\/\/sacramento-region-community-foundation.mystagingwebsite.com\/#\/schema\/logo\/image\/","url":"https:\/\/i0.wp.com\/www.sacregcf.org\/wp-content\/uploads\/2023\/11\/sacrcf-logo.png?fit=1200%2C393&ssl=1","contentUrl":"https:\/\/i0.wp.com\/www.sacregcf.org\/wp-content\/uploads\/2023\/11\/sacrcf-logo.png?fit=1200%2C393&ssl=1","width":1200,"height":393,"caption":"Sacramento Region Community Foundation"},"image":{"@id":"https:\/\/sacramento-region-community-foundation.mystagingwebsite.com\/#\/schema\/logo\/image\/"},"sameAs":["http:\/\/www.facebook.com\/sacregcf","https:\/\/x.com\/sacregcf","https:\/\/www.instagram.com\/sacregcf","https:\/\/www.linkedin.com\/company\/1184838"]},{"@type":"Person","@id":"https:\/\/sacramento-region-community-foundation.mystagingwebsite.com\/#\/schema\/person\/7e7b022da83398ab7c0afc166a3806f3","name":"Kelly Siefkin","url":"https:\/\/www.sacregcf.org\/es\/author\/kelly\/"}]}},"jetpack_featured_media_url":"https:\/\/i0.wp.com\/www.sacregcf.org\/wp-content\/uploads\/2023\/12\/Kim-Pacini-Hauch-and-Richard-Hauch.1500.png?fit=1500%2C1219&ssl=1","tpgb_featured_images":{"full":["https:\/\/i0.wp.com\/www.sacregcf.org\/wp-content\/uploads\/2023\/12\/Kim-Pacini-Hauch-and-Richard-Hauch.1500.png?fit=1500%2C1219&ssl=1",1500,1219,false],"tp-image-grid":["https:\/\/i0.wp.com\/www.sacregcf.org\/wp-content\/uploads\/2023\/12\/Kim-Pacini-Hauch-and-Richard-Hauch.1500.png?resize=700%2C700&ssl=1",700,700,true],"thumbnail":["https:\/\/i0.wp.com\/www.sacregcf.org\/wp-content\/uploads\/2023\/12\/Kim-Pacini-Hauch-and-Richard-Hauch.1500.png?resize=150%2C150&ssl=1",150,150,true],"medium":["https:\/\/i0.wp.com\/www.sacregcf.org\/wp-content\/uploads\/2023\/12\/Kim-Pacini-Hauch-and-Richard-Hauch.1500.png?fit=300%2C244&ssl=1",300,244,true],"medium_large":["https:\/\/i0.wp.com\/www.sacregcf.org\/wp-content\/uploads\/2023\/12\/Kim-Pacini-Hauch-and-Richard-Hauch.1500.png?fit=768%2C624&ssl=1",768,624,true],"large":["https:\/\/i0.wp.com\/www.sacregcf.org\/wp-content\/uploads\/2023\/12\/Kim-Pacini-Hauch-and-Richard-Hauch.1500.png?fit=1024%2C832&ssl=1",1024,832,true],"default":"https:\/\/www.sacregcf.org\/wp-content\/plugins\/the-plus-addons-for-block-editor\/assets\/images\/tpgb-placeholder.jpg"},"tpgb_post_meta_info":{"get_date":"1 de diciembre de 2018","get_modified_date":"20 de agosto de 2024","category_list":{"category":[{"term_id":28,"name":"Historias de donantes","slug":"historias-de-donantes","term_group":0,"term_taxonomy_id":28,"taxonomy":"category","description":"","parent":0,"count":22,"filter":"raw"}],"post_tag":false},"author_name":"Kelly Siefkin","author_url":"https:\/\/www.sacregcf.org\/es\/author\/kelly\/","author_email":"kelly@sacregcf.org","author_website":"","author_description":"","author_facebook":"","author_twitter":"","author_instagram":"","author_role":["administrator"],"author_firstname":"Kelly","author_lastname":"Siefkin, Chief Philanthropy Officer","user_login":"kelly","comment_count":0,"post_likes":0,"post_views":0},"tpgb_post_category":{"category":"<a href=\"https:\/\/www.sacregcf.org\/es\/category\/historias-de-donantes\/\" alt=\"Historias de donantes\"  class=\"category-historias-de-donantes\">Historias de donantes<\/a> "},"jetpack_sharing_enabled":true,"jetpack-related-posts":[{"id":3897,"url":"https:\/\/www.sacregcf.org\/es\/kim-pacini-hauch-richard-hauch-foundation\/","url_meta":{"origin":7029,"position":0},"title":"Kim Pacini-Hauch &amp; Richard Hauch Foundation","author":"Kelly Siefkin","date":"1 de diciembre de 2018","format":false,"excerpt":"Strengthening animal welfare throughout our community.","rel":"","context":"En \u00abDonor Stories\u00bb","block_context":{"text":"Donor Stories","link":"https:\/\/www.sacregcf.org\/category\/donors\/"},"img":{"alt_text":"","src":"https:\/\/i0.wp.com\/www.sacregcf.org\/wp-content\/uploads\/2023\/12\/Kim-Pacini-Hauch-and-Richard-Hauch.1500.png?fit=1200%2C975&ssl=1&resize=350%2C200","width":350,"height":200,"srcset":"https:\/\/i0.wp.com\/www.sacregcf.org\/wp-content\/uploads\/2023\/12\/Kim-Pacini-Hauch-and-Richard-Hauch.1500.png?fit=1200%2C975&ssl=1&resize=350%2C200 1x, https:\/\/i0.wp.com\/www.sacregcf.org\/wp-content\/uploads\/2023\/12\/Kim-Pacini-Hauch-and-Richard-Hauch.1500.png?fit=1200%2C975&ssl=1&resize=525%2C300 1.5x, https:\/\/i0.wp.com\/www.sacregcf.org\/wp-content\/uploads\/2023\/12\/Kim-Pacini-Hauch-and-Richard-Hauch.1500.png?fit=1200%2C975&ssl=1&resize=700%2C400 2x, https:\/\/i0.wp.com\/www.sacregcf.org\/wp-content\/uploads\/2023\/12\/Kim-Pacini-Hauch-and-Richard-Hauch.1500.png?fit=1200%2C975&ssl=1&resize=1050%2C600 3x"},"classes":[]},{"id":12557,"url":"https:\/\/www.sacregcf.org\/es\/quy-kim-pacini-hauch-richard-hauch\/","url_meta":{"origin":7029,"position":1},"title":"Qu\u1ef9 Kim Pacini-Hauch &amp;; Richard Hauch","author":"Kelly Siefkin","date":"1 de diciembre de 2018","format":false,"excerpt":"T\u0103ng c\u01b0\u1eddng ph\u00fac l\u1ee3i \u0111\u1ed9ng v\u1eadt trong to\u00e0n c\u1ed9ng \u0111\u1ed3ng c\u1ee7a ch\u00fang t\u00f4i.","rel":"","context":"En \u00abC\u00e2u chuy\u1ec7n c\u1ee7a nh\u00e0 t\u00e0i tr\u1ee3\u00bb","block_context":{"text":"C\u00e2u chuy\u1ec7n c\u1ee7a nh\u00e0 t\u00e0i tr\u1ee3","link":"https:\/\/www.sacregcf.org\/vi\/category\/cau-chuyen-cua-nha-tai-tro\/"},"img":{"alt_text":"","src":"https:\/\/i0.wp.com\/www.sacregcf.org\/wp-content\/uploads\/2023\/12\/Kim-Pacini-Hauch-and-Richard-Hauch.1500.png?fit=1200%2C975&ssl=1&resize=350%2C200","width":350,"height":200,"srcset":"https:\/\/i0.wp.com\/www.sacregcf.org\/wp-content\/uploads\/2023\/12\/Kim-Pacini-Hauch-and-Richard-Hauch.1500.png?fit=1200%2C975&ssl=1&resize=350%2C200 1x, https:\/\/i0.wp.com\/www.sacregcf.org\/wp-content\/uploads\/2023\/12\/Kim-Pacini-Hauch-and-Richard-Hauch.1500.png?fit=1200%2C975&ssl=1&resize=525%2C300 1.5x, https:\/\/i0.wp.com\/www.sacregcf.org\/wp-content\/uploads\/2023\/12\/Kim-Pacini-Hauch-and-Richard-Hauch.1500.png?fit=1200%2C975&ssl=1&resize=700%2C400 2x, https:\/\/i0.wp.com\/www.sacregcf.org\/wp-content\/uploads\/2023\/12\/Kim-Pacini-Hauch-and-Richard-Hauch.1500.png?fit=1200%2C975&ssl=1&resize=1050%2C600 3x"},"classes":[]},{"id":12552,"url":"https:\/\/www.sacregcf.org\/es\/kim-pacini-hauch-richard-hauch-%e5%9f%ba%e9%87%91%e4%bc%9a\/","url_meta":{"origin":7029,"position":2},"title":"Kim Pacini-Hauch &amp; Richard Hauch \u57fa\u91d1\u4f1a","author":"Kelly Siefkin","date":"1 de diciembre de 2018","format":false,"excerpt":"\u52a0\u5f3a\u6211\u4eec\u6574\u4e2a\u793e\u533a\u7684\u52a8\u7269\u798f\u5229\u3002","rel":"","context":"En \u00ab\u6350\u8d60\u8005\u6545\u4e8b\u00bb","block_context":{"text":"\u6350\u8d60\u8005\u6545\u4e8b","link":"https:\/\/www.sacregcf.org\/zh-hans\/category\/%e6%8d%90%e8%b5%a0%e8%80%85%e6%95%85%e4%ba%8b\/"},"img":{"alt_text":"","src":"https:\/\/i0.wp.com\/www.sacregcf.org\/wp-content\/uploads\/2023\/12\/Kim-Pacini-Hauch-and-Richard-Hauch.1500.png?fit=1200%2C975&ssl=1&resize=350%2C200","width":350,"height":200,"srcset":"https:\/\/i0.wp.com\/www.sacregcf.org\/wp-content\/uploads\/2023\/12\/Kim-Pacini-Hauch-and-Richard-Hauch.1500.png?fit=1200%2C975&ssl=1&resize=350%2C200 1x, https:\/\/i0.wp.com\/www.sacregcf.org\/wp-content\/uploads\/2023\/12\/Kim-Pacini-Hauch-and-Richard-Hauch.1500.png?fit=1200%2C975&ssl=1&resize=525%2C300 1.5x, https:\/\/i0.wp.com\/www.sacregcf.org\/wp-content\/uploads\/2023\/12\/Kim-Pacini-Hauch-and-Richard-Hauch.1500.png?fit=1200%2C975&ssl=1&resize=700%2C400 2x, https:\/\/i0.wp.com\/www.sacregcf.org\/wp-content\/uploads\/2023\/12\/Kim-Pacini-Hauch-and-Richard-Hauch.1500.png?fit=1200%2C975&ssl=1&resize=1050%2C600 3x"},"classes":[]},{"id":6952,"url":"https:\/\/www.sacregcf.org\/es\/sacramento-spca-apoya-a-los-animales-y-a-su-gente\/","url_meta":{"origin":7029,"position":3},"title":"Sacramento SPCA apoya a los animales y a su gente","author":"Vasey Coman","date":"3 de agosto de 2023","format":false,"excerpt":"Con fondos de la Fundaci\u00f3n Comunitaria de la Regi\u00f3n de Sacramento y otros, Sacramento SPCA aument\u00f3 la preparaci\u00f3n para desastres.","rel":"","context":"En \u00abHistorias de impacto\u00bb","block_context":{"text":"Historias de impacto","link":"https:\/\/www.sacregcf.org\/es\/category\/historias-de-impacto\/"},"img":{"alt_text":"","src":"https:\/\/i0.wp.com\/www.sacregcf.org\/wp-content\/uploads\/2023\/08\/Sacramento-SPCA-1.jpg?fit=1200%2C800&ssl=1&resize=350%2C200","width":350,"height":200,"srcset":"https:\/\/i0.wp.com\/www.sacregcf.org\/wp-content\/uploads\/2023\/08\/Sacramento-SPCA-1.jpg?fit=1200%2C800&ssl=1&resize=350%2C200 1x, https:\/\/i0.wp.com\/www.sacregcf.org\/wp-content\/uploads\/2023\/08\/Sacramento-SPCA-1.jpg?fit=1200%2C800&ssl=1&resize=525%2C300 1.5x, https:\/\/i0.wp.com\/www.sacregcf.org\/wp-content\/uploads\/2023\/08\/Sacramento-SPCA-1.jpg?fit=1200%2C800&ssl=1&resize=700%2C400 2x, https:\/\/i0.wp.com\/www.sacregcf.org\/wp-content\/uploads\/2023\/08\/Sacramento-SPCA-1.jpg?fit=1200%2C800&ssl=1&resize=1050%2C600 3x"},"classes":[]},{"id":21817,"url":"https:\/\/www.sacregcf.org\/es\/la-conexion-el-cuidado-y-la-cultura-crean-un-futuro-mas-brillante\/","url_meta":{"origin":7029,"position":4},"title":"La conexi\u00f3n, el cuidado y la cultura crean un futuro m\u00e1s brillante","author":"Vasey Coman","date":"5 de marzo de 2025","format":false,"excerpt":"Las investigaciones muestran que nuestras inversiones en asociaciones locales mejoraron la salud mental de los j\u00f3venes del \u00e1rea.","rel":"","context":"En \u00abHistorias de impacto\u00bb","block_context":{"text":"Historias de impacto","link":"https:\/\/www.sacregcf.org\/es\/category\/historias-de-impacto\/"},"img":{"alt_text":"","src":"https:\/\/i0.wp.com\/www.sacregcf.org\/wp-content\/uploads\/2025\/02\/CMHP-Quince-ish.jpg?fit=1200%2C900&ssl=1&resize=350%2C200","width":350,"height":200,"srcset":"https:\/\/i0.wp.com\/www.sacregcf.org\/wp-content\/uploads\/2025\/02\/CMHP-Quince-ish.jpg?fit=1200%2C900&ssl=1&resize=350%2C200 1x, https:\/\/i0.wp.com\/www.sacregcf.org\/wp-content\/uploads\/2025\/02\/CMHP-Quince-ish.jpg?fit=1200%2C900&ssl=1&resize=525%2C300 1.5x, https:\/\/i0.wp.com\/www.sacregcf.org\/wp-content\/uploads\/2025\/02\/CMHP-Quince-ish.jpg?fit=1200%2C900&ssl=1&resize=700%2C400 2x, https:\/\/i0.wp.com\/www.sacregcf.org\/wp-content\/uploads\/2025\/02\/CMHP-Quince-ish.jpg?fit=1200%2C900&ssl=1&resize=1050%2C600 3x"},"classes":[]},{"id":6929,"url":"https:\/\/www.sacregcf.org\/es\/nuevos-centros-de-proyectos-la-cultura-como-salud-mental\/","url_meta":{"origin":7029,"position":5},"title":"Nuevos Centros de Proyectos La Cultura como Salud Mental","author":"Vasey Coman","date":"13 de septiembre de 2023","format":false,"excerpt":"Nuestra nueva asociaci\u00f3n apoya a ocho organizaciones sin fines de lucro del \u00e1rea para fomentar resultados positivos de salud mental.","rel":"","context":"En \u00abNoticias\u00bb","block_context":{"text":"Noticias","link":"https:\/\/www.sacregcf.org\/es\/category\/noticias\/"},"img":{"alt_text":"","src":"https:\/\/i0.wp.com\/www.sacregcf.org\/wp-content\/uploads\/2023\/09\/Photo-1-Race-and-Gender-Equity-Project-e1734749253255.png?fit=934%2C621&ssl=1&resize=350%2C200","width":350,"height":200,"srcset":"https:\/\/i0.wp.com\/www.sacregcf.org\/wp-content\/uploads\/2023\/09\/Photo-1-Race-and-Gender-Equity-Project-e1734749253255.png?fit=934%2C621&ssl=1&resize=350%2C200 1x, https:\/\/i0.wp.com\/www.sacregcf.org\/wp-content\/uploads\/2023\/09\/Photo-1-Race-and-Gender-Equity-Project-e1734749253255.png?fit=934%2C621&ssl=1&resize=525%2C300 1.5x, https:\/\/i0.wp.com\/www.sacregcf.org\/wp-content\/uploads\/2023\/09\/Photo-1-Race-and-Gender-Equity-Project-e1734749253255.png?fit=934%2C621&ssl=1&resize=700%2C400 2x"},"classes":[]}],"_links":{"self":[{"href":"https:\/\/www.sacregcf.org\/es\/wp-json\/wp\/v2\/posts\/7029","targetHints":{"allow":["GET"]}}],"collection":[{"href":"https:\/\/www.sacregcf.org\/es\/wp-json\/wp\/v2\/posts"}],"about":[{"href":"https:\/\/www.sacregcf.org\/es\/wp-json\/wp\/v2\/types\/post"}],"author":[{"embeddable":true,"href":"https:\/\/www.sacregcf.org\/es\/wp-json\/wp\/v2\/users\/4"}],"replies":[{"embeddable":true,"href":"https:\/\/www.sacregcf.org\/es\/wp-json\/wp\/v2\/comments?post=7029"}],"version-history":[{"count":0,"href":"https:\/\/www.sacregcf.org\/es\/wp-json\/wp\/v2\/posts\/7029\/revisions"}],"wp:featuredmedia":[{"embeddable":true,"href":"https:\/\/www.sacregcf.org\/es\/wp-json\/wp\/v2\/media\/6589"}],"wp:attachment":[{"href":"https:\/\/www.sacregcf.org\/es\/wp-json\/wp\/v2\/media?parent=7029"}],"wp:term":[{"taxonomy":"category","embeddable":true,"href":"https:\/\/www.sacregcf.org\/es\/wp-json\/wp\/v2\/categories?post=7029"},{"taxonomy":"post_tag","embeddable":true,"href":"https:\/\/www.sacregcf.org\/es\/wp-json\/wp\/v2\/tags?post=7029"}],"curies":[{"name":"wp","href":"https:\/\/api.w.org\/{rel}","templated":true}]}}