{"id":7034,"date":"2017-10-01T14:04:00","date_gmt":"2017-10-01T21:04:00","guid":{"rendered":"https:\/\/www.sacregcf.org\/beca-en-memoria-de-erin-aaberg-givans\/"},"modified":"2024-12-22T11:19:38","modified_gmt":"2024-12-22T19:19:38","slug":"beca-en-memoria-de-erin-aaberg-givans","status":"publish","type":"post","link":"https:\/\/www.sacregcf.org\/es\/beca-en-memoria-de-erin-aaberg-givans\/","title":{"rendered":"Beca en memoria de Erin Aaberg Givans"},"content":{"rendered":"\n<p>Erin Aaberg Givans se desempe\u00f1\u00f3 como una defensora incansable de los ni\u00f1os con necesidades complejas de atenci\u00f3n m\u00e9dica.\nGracias a su trabajo en su nombre como directora ejecutiva fundadora de <a href=\"http:\/\/childrens-coalition.org\/\" target=\"_blank\" rel=\"noreferrer noopener\">Children&#8217;s Specialty Care Coalition<\/a>, el acceso a la atenci\u00f3n para ni\u00f1os con enfermedades cr\u00f3nicas y afecciones raras mejor\u00f3 significativamente en California.\nUna esposa dedicada y madre de dos hijos, amigos y colegas veneraban a Erin por su integridad, esp\u00edritu generoso y capacidad para influir en la pol\u00edtica de Sacramento.  <\/p>\n\n<p>Buscando una manera de honrar su vida y asegurarse de que la causa por la que se preocupaba tan profundamente contin\u00fae, su esposo y sus colegas de la Coalici\u00f3n recurrieron a la Fundaci\u00f3n.\nDebido a nuestra experiencia en la gesti\u00f3n de becas, se asociaron con la Fundaci\u00f3n para establecer la <strong>Beca Conmemorativa Erin Aaberg Givans<\/strong> para apoyar a las mujeres que cursan estudios avanzados en pol\u00edticas p\u00fablicas en California y que, al igual que Erin, siguen comprometidas a garantizar que los ni\u00f1os de California tengan acceso a una atenci\u00f3n m\u00e9dica de calidad. <\/p>\n\n<div class=\"wp-block-buttons is-content-justification-right is-layout-flex wp-container-core-buttons-is-layout-d445cf74 wp-block-buttons-is-layout-flex\">\n<div class=\"wp-block-button primary-button\"><a class=\"wp-block-button__link has-base-background-color has-background wp-element-button\" href=\"https:\/\/sacregcf.academicworks.com\/opportunities\/703\" target=\"_blank\" rel=\"noreferrer noopener\">Solicitar la beca<\/a><\/div>\n<\/div>\n\n<div class=\"wp-block-group has-tertiary-background-color has-background has-global-padding is-layout-constrained wp-container-core-group-is-layout-b943e229 wp-block-group-is-layout-constrained\" style=\"margin-top:var(--wp--preset--spacing--124);margin-bottom:0px;padding-top:var(--wp--preset--spacing--45);padding-bottom:var(--wp--preset--spacing--45)\">\n<div class=\"wp-block-group alignwide has-global-padding is-layout-constrained wp-container-core-group-is-layout-d89cf271 wp-block-group-is-layout-constrained\" style=\"margin-top:0;margin-bottom:0;padding-top:var(--wp--preset--spacing--36);padding-right:var(--wp--preset--spacing--24);padding-bottom:0;padding-left:var(--wp--preset--spacing--24)\">\n<p class=\"has-text-align-center has-base-color has-text-color has-link-color wp-elements-db8686181537081229ba6f6538292563\" style=\"font-size:clamp(1.039rem, 1.039rem + ((1vw - 0.2rem) * 0.801), 1.6rem);font-style:normal;font-weight:500\">\u00bfC\u00f3mo llamar\u00e1 a su fondo ben\u00e9fico?<\/p>\n\n\n\n<p class=\"has-text-align-center\">Encuentre la soluci\u00f3n filantr\u00f3pica m\u00e1s adecuada para usted y fortalezca la regi\u00f3n de Sacramento.<\/p>\n\n\n\n<div class=\"wp-block-buttons alignwide has-custom-font-size has-medium-font-size is-horizontal is-content-justification-center is-nowrap is-layout-flex wp-container-core-buttons-is-layout-317378f4 wp-block-buttons-is-layout-flex\" style=\"margin-bottom:var(--wp--preset--spacing--36)\">\n<div class=\"wp-block-button has-custom-font-size secondary-button\" style=\"font-size:clamp(0.875rem, 0.875rem + ((1vw - 0.2rem) * 0.179), 1rem);\"><a class=\"wp-block-button__link has-contrast-color has-text-color has-link-color has-text-align-left wp-element-button\" href=\"https:\/\/www.sacregcf.org\/es\/donantes\/\">Abrir un fondo<\/a><\/div>\n<\/div>\n<\/div>\n<\/div>\n","protected":false},"excerpt":{"rendered":"<p>Apoyar a las mujeres que cursan estudios avanzados en pol\u00edticas p\u00fablicas para brindar atenci\u00f3n de salud a los ni\u00f1os.<\/p>\n","protected":false},"author":4,"featured_media":6590,"comment_status":"closed","ping_status":"open","sticky":false,"template":"post-without-date","format":"standard","meta":{"_acf_changed":false,"tpgb_global_settings":"","_searchwp_excluded":"","_jetpack_memberships_contains_paid_content":false,"footnotes":"","_links_to":"","_links_to_target":""},"categories":[28],"tags":[145],"class_list":["post-7034","post","type-post","status-publish","format-standard","has-post-thumbnail","hentry","category-historias-de-donantes","tag-fondo-de-becas"],"acf":[],"yoast_head":"<!-- This site is optimized with the Yoast SEO plugin v27.4 - https:\/\/yoast.com\/product\/yoast-seo-wordpress\/ -->\n<title>Beca en memoria de Erin Aaberg Givans - Sacramento Region Community Foundation<\/title>\n<meta name=\"robots\" content=\"index, follow, max-snippet:-1, max-image-preview:large, max-video-preview:-1\" \/>\n<link rel=\"canonical\" href=\"https:\/\/www.sacregcf.org\/es\/beca-en-memoria-de-erin-aaberg-givans\/\" \/>\n<meta property=\"og:locale\" content=\"es_ES\" \/>\n<meta property=\"og:type\" content=\"article\" \/>\n<meta property=\"og:title\" content=\"Beca en memoria de Erin Aaberg Givans - Sacramento Region Community Foundation\" \/>\n<meta property=\"og:description\" content=\"Apoyar a las mujeres que cursan estudios avanzados en pol\u00edticas p\u00fablicas para brindar atenci\u00f3n de salud a los ni\u00f1os.\" \/>\n<meta property=\"og:url\" content=\"https:\/\/www.sacregcf.org\/es\/beca-en-memoria-de-erin-aaberg-givans\/\" \/>\n<meta property=\"og:site_name\" content=\"Sacramento Region Community Foundation\" \/>\n<meta property=\"article:publisher\" content=\"http:\/\/www.facebook.com\/sacregcf\" \/>\n<meta property=\"article:published_time\" content=\"2017-10-01T21:04:00+00:00\" \/>\n<meta property=\"article:modified_time\" content=\"2024-12-22T19:19:38+00:00\" \/>\n<meta property=\"og:image\" content=\"https:\/\/www.sacregcf.org\/wp-content\/uploads\/2023\/12\/Aaberg-Givans-Erin.jpg\" \/>\n\t<meta property=\"og:image:width\" content=\"1174\" \/>\n\t<meta property=\"og:image:height\" content=\"1660\" \/>\n\t<meta property=\"og:image:type\" content=\"image\/jpeg\" \/>\n<meta name=\"author\" content=\"Kelly Siefkin\" \/>\n<meta name=\"twitter:card\" content=\"summary_large_image\" \/>\n<meta name=\"twitter:creator\" content=\"@sacregcf\" \/>\n<meta name=\"twitter:site\" content=\"@sacregcf\" \/>\n<script type=\"application\/ld+json\" class=\"yoast-schema-graph\">{\"@context\":\"https:\\\/\\\/schema.org\",\"@graph\":[{\"@type\":\"Article\",\"@id\":\"https:\\\/\\\/www.sacregcf.org\\\/es\\\/beca-en-memoria-de-erin-aaberg-givans\\\/#article\",\"isPartOf\":{\"@id\":\"https:\\\/\\\/www.sacregcf.org\\\/es\\\/beca-en-memoria-de-erin-aaberg-givans\\\/\"},\"author\":{\"name\":\"Kelly Siefkin\",\"@id\":\"https:\\\/\\\/sacramento-region-community-foundation.mystagingwebsite.com\\\/#\\\/schema\\\/person\\\/7e7b022da83398ab7c0afc166a3806f3\"},\"headline\":\"Beca en memoria de Erin Aaberg Givans\",\"datePublished\":\"2017-10-01T21:04:00+00:00\",\"dateModified\":\"2024-12-22T19:19:38+00:00\",\"mainEntityOfPage\":{\"@id\":\"https:\\\/\\\/www.sacregcf.org\\\/es\\\/beca-en-memoria-de-erin-aaberg-givans\\\/\"},\"wordCount\":200,\"publisher\":{\"@id\":\"https:\\\/\\\/sacramento-region-community-foundation.mystagingwebsite.com\\\/#organization\"},\"image\":{\"@id\":\"https:\\\/\\\/www.sacregcf.org\\\/es\\\/beca-en-memoria-de-erin-aaberg-givans\\\/#primaryimage\"},\"thumbnailUrl\":\"https:\\\/\\\/i0.wp.com\\\/www.sacregcf.org\\\/wp-content\\\/uploads\\\/2023\\\/12\\\/Aaberg-Givans-Erin.jpg?fit=1174%2C1660&ssl=1\",\"keywords\":[\"Fondo de becas\"],\"articleSection\":[\"Historias de donantes\"],\"inLanguage\":\"es\"},{\"@type\":\"WebPage\",\"@id\":\"https:\\\/\\\/www.sacregcf.org\\\/es\\\/beca-en-memoria-de-erin-aaberg-givans\\\/\",\"url\":\"https:\\\/\\\/www.sacregcf.org\\\/es\\\/beca-en-memoria-de-erin-aaberg-givans\\\/\",\"name\":\"Beca en memoria de Erin Aaberg Givans - Sacramento Region Community Foundation\",\"isPartOf\":{\"@id\":\"https:\\\/\\\/sacramento-region-community-foundation.mystagingwebsite.com\\\/#website\"},\"primaryImageOfPage\":{\"@id\":\"https:\\\/\\\/www.sacregcf.org\\\/es\\\/beca-en-memoria-de-erin-aaberg-givans\\\/#primaryimage\"},\"image\":{\"@id\":\"https:\\\/\\\/www.sacregcf.org\\\/es\\\/beca-en-memoria-de-erin-aaberg-givans\\\/#primaryimage\"},\"thumbnailUrl\":\"https:\\\/\\\/i0.wp.com\\\/www.sacregcf.org\\\/wp-content\\\/uploads\\\/2023\\\/12\\\/Aaberg-Givans-Erin.jpg?fit=1174%2C1660&ssl=1\",\"datePublished\":\"2017-10-01T21:04:00+00:00\",\"dateModified\":\"2024-12-22T19:19:38+00:00\",\"breadcrumb\":{\"@id\":\"https:\\\/\\\/www.sacregcf.org\\\/es\\\/beca-en-memoria-de-erin-aaberg-givans\\\/#breadcrumb\"},\"inLanguage\":\"es\",\"potentialAction\":[{\"@type\":\"ReadAction\",\"target\":[\"https:\\\/\\\/www.sacregcf.org\\\/es\\\/beca-en-memoria-de-erin-aaberg-givans\\\/\"]}]},{\"@type\":\"ImageObject\",\"inLanguage\":\"es\",\"@id\":\"https:\\\/\\\/www.sacregcf.org\\\/es\\\/beca-en-memoria-de-erin-aaberg-givans\\\/#primaryimage\",\"url\":\"https:\\\/\\\/i0.wp.com\\\/www.sacregcf.org\\\/wp-content\\\/uploads\\\/2023\\\/12\\\/Aaberg-Givans-Erin.jpg?fit=1174%2C1660&ssl=1\",\"contentUrl\":\"https:\\\/\\\/i0.wp.com\\\/www.sacregcf.org\\\/wp-content\\\/uploads\\\/2023\\\/12\\\/Aaberg-Givans-Erin.jpg?fit=1174%2C1660&ssl=1\",\"width\":1174,\"height\":1660},{\"@type\":\"BreadcrumbList\",\"@id\":\"https:\\\/\\\/www.sacregcf.org\\\/es\\\/beca-en-memoria-de-erin-aaberg-givans\\\/#breadcrumb\",\"itemListElement\":[{\"@type\":\"ListItem\",\"position\":1,\"name\":\"Home\",\"item\":\"https:\\\/\\\/www.sacregcf.org\\\/es\\\/\"},{\"@type\":\"ListItem\",\"position\":2,\"name\":\"Beca en memoria de Erin Aaberg Givans\"}]},{\"@type\":\"WebSite\",\"@id\":\"https:\\\/\\\/sacramento-region-community-foundation.mystagingwebsite.com\\\/#website\",\"url\":\"https:\\\/\\\/sacramento-region-community-foundation.mystagingwebsite.com\\\/\",\"name\":\"Sacramento Region Community Foundation\",\"description\":\"Philanthropic solutions and leadership for a vibrant Sacramento region\",\"publisher\":{\"@id\":\"https:\\\/\\\/sacramento-region-community-foundation.mystagingwebsite.com\\\/#organization\"},\"potentialAction\":[{\"@type\":\"SearchAction\",\"target\":{\"@type\":\"EntryPoint\",\"urlTemplate\":\"https:\\\/\\\/sacramento-region-community-foundation.mystagingwebsite.com\\\/?s={search_term_string}\"},\"query-input\":{\"@type\":\"PropertyValueSpecification\",\"valueRequired\":true,\"valueName\":\"search_term_string\"}}],\"inLanguage\":\"es\"},{\"@type\":\"Organization\",\"@id\":\"https:\\\/\\\/sacramento-region-community-foundation.mystagingwebsite.com\\\/#organization\",\"name\":\"Sacramento Region Community Foundation\",\"url\":\"https:\\\/\\\/sacramento-region-community-foundation.mystagingwebsite.com\\\/\",\"logo\":{\"@type\":\"ImageObject\",\"inLanguage\":\"es\",\"@id\":\"https:\\\/\\\/sacramento-region-community-foundation.mystagingwebsite.com\\\/#\\\/schema\\\/logo\\\/image\\\/\",\"url\":\"https:\\\/\\\/i0.wp.com\\\/www.sacregcf.org\\\/wp-content\\\/uploads\\\/2023\\\/11\\\/sacrcf-logo.png?fit=1200%2C393&ssl=1\",\"contentUrl\":\"https:\\\/\\\/i0.wp.com\\\/www.sacregcf.org\\\/wp-content\\\/uploads\\\/2023\\\/11\\\/sacrcf-logo.png?fit=1200%2C393&ssl=1\",\"width\":1200,\"height\":393,\"caption\":\"Sacramento Region Community Foundation\"},\"image\":{\"@id\":\"https:\\\/\\\/sacramento-region-community-foundation.mystagingwebsite.com\\\/#\\\/schema\\\/logo\\\/image\\\/\"},\"sameAs\":[\"http:\\\/\\\/www.facebook.com\\\/sacregcf\",\"https:\\\/\\\/x.com\\\/sacregcf\",\"https:\\\/\\\/www.instagram.com\\\/sacregcf\",\"https:\\\/\\\/www.linkedin.com\\\/company\\\/1184838\"]},{\"@type\":\"Person\",\"@id\":\"https:\\\/\\\/sacramento-region-community-foundation.mystagingwebsite.com\\\/#\\\/schema\\\/person\\\/7e7b022da83398ab7c0afc166a3806f3\",\"name\":\"Kelly Siefkin\",\"url\":\"https:\\\/\\\/www.sacregcf.org\\\/es\\\/author\\\/kelly\\\/\"}]}<\/script>\n<!-- \/ Yoast SEO plugin. -->","yoast_head_json":{"title":"Beca en memoria de Erin Aaberg Givans - Sacramento Region Community Foundation","robots":{"index":"index","follow":"follow","max-snippet":"max-snippet:-1","max-image-preview":"max-image-preview:large","max-video-preview":"max-video-preview:-1"},"canonical":"https:\/\/www.sacregcf.org\/es\/beca-en-memoria-de-erin-aaberg-givans\/","og_locale":"es_ES","og_type":"article","og_title":"Beca en memoria de Erin Aaberg Givans - Sacramento Region Community Foundation","og_description":"Apoyar a las mujeres que cursan estudios avanzados en pol\u00edticas p\u00fablicas para brindar atenci\u00f3n de salud a los ni\u00f1os.","og_url":"https:\/\/www.sacregcf.org\/es\/beca-en-memoria-de-erin-aaberg-givans\/","og_site_name":"Sacramento Region Community Foundation","article_publisher":"http:\/\/www.facebook.com\/sacregcf","article_published_time":"2017-10-01T21:04:00+00:00","article_modified_time":"2024-12-22T19:19:38+00:00","og_image":[{"width":1174,"height":1660,"url":"https:\/\/www.sacregcf.org\/wp-content\/uploads\/2023\/12\/Aaberg-Givans-Erin.jpg","type":"image\/jpeg"}],"author":"Kelly Siefkin","twitter_card":"summary_large_image","twitter_creator":"@sacregcf","twitter_site":"@sacregcf","schema":{"@context":"https:\/\/schema.org","@graph":[{"@type":"Article","@id":"https:\/\/www.sacregcf.org\/es\/beca-en-memoria-de-erin-aaberg-givans\/#article","isPartOf":{"@id":"https:\/\/www.sacregcf.org\/es\/beca-en-memoria-de-erin-aaberg-givans\/"},"author":{"name":"Kelly Siefkin","@id":"https:\/\/sacramento-region-community-foundation.mystagingwebsite.com\/#\/schema\/person\/7e7b022da83398ab7c0afc166a3806f3"},"headline":"Beca en memoria de Erin Aaberg Givans","datePublished":"2017-10-01T21:04:00+00:00","dateModified":"2024-12-22T19:19:38+00:00","mainEntityOfPage":{"@id":"https:\/\/www.sacregcf.org\/es\/beca-en-memoria-de-erin-aaberg-givans\/"},"wordCount":200,"publisher":{"@id":"https:\/\/sacramento-region-community-foundation.mystagingwebsite.com\/#organization"},"image":{"@id":"https:\/\/www.sacregcf.org\/es\/beca-en-memoria-de-erin-aaberg-givans\/#primaryimage"},"thumbnailUrl":"https:\/\/i0.wp.com\/www.sacregcf.org\/wp-content\/uploads\/2023\/12\/Aaberg-Givans-Erin.jpg?fit=1174%2C1660&ssl=1","keywords":["Fondo de becas"],"articleSection":["Historias de donantes"],"inLanguage":"es"},{"@type":"WebPage","@id":"https:\/\/www.sacregcf.org\/es\/beca-en-memoria-de-erin-aaberg-givans\/","url":"https:\/\/www.sacregcf.org\/es\/beca-en-memoria-de-erin-aaberg-givans\/","name":"Beca en memoria de Erin Aaberg Givans - Sacramento Region Community Foundation","isPartOf":{"@id":"https:\/\/sacramento-region-community-foundation.mystagingwebsite.com\/#website"},"primaryImageOfPage":{"@id":"https:\/\/www.sacregcf.org\/es\/beca-en-memoria-de-erin-aaberg-givans\/#primaryimage"},"image":{"@id":"https:\/\/www.sacregcf.org\/es\/beca-en-memoria-de-erin-aaberg-givans\/#primaryimage"},"thumbnailUrl":"https:\/\/i0.wp.com\/www.sacregcf.org\/wp-content\/uploads\/2023\/12\/Aaberg-Givans-Erin.jpg?fit=1174%2C1660&ssl=1","datePublished":"2017-10-01T21:04:00+00:00","dateModified":"2024-12-22T19:19:38+00:00","breadcrumb":{"@id":"https:\/\/www.sacregcf.org\/es\/beca-en-memoria-de-erin-aaberg-givans\/#breadcrumb"},"inLanguage":"es","potentialAction":[{"@type":"ReadAction","target":["https:\/\/www.sacregcf.org\/es\/beca-en-memoria-de-erin-aaberg-givans\/"]}]},{"@type":"ImageObject","inLanguage":"es","@id":"https:\/\/www.sacregcf.org\/es\/beca-en-memoria-de-erin-aaberg-givans\/#primaryimage","url":"https:\/\/i0.wp.com\/www.sacregcf.org\/wp-content\/uploads\/2023\/12\/Aaberg-Givans-Erin.jpg?fit=1174%2C1660&ssl=1","contentUrl":"https:\/\/i0.wp.com\/www.sacregcf.org\/wp-content\/uploads\/2023\/12\/Aaberg-Givans-Erin.jpg?fit=1174%2C1660&ssl=1","width":1174,"height":1660},{"@type":"BreadcrumbList","@id":"https:\/\/www.sacregcf.org\/es\/beca-en-memoria-de-erin-aaberg-givans\/#breadcrumb","itemListElement":[{"@type":"ListItem","position":1,"name":"Home","item":"https:\/\/www.sacregcf.org\/es\/"},{"@type":"ListItem","position":2,"name":"Beca en memoria de Erin Aaberg Givans"}]},{"@type":"WebSite","@id":"https:\/\/sacramento-region-community-foundation.mystagingwebsite.com\/#website","url":"https:\/\/sacramento-region-community-foundation.mystagingwebsite.com\/","name":"Sacramento Region Community Foundation","description":"Philanthropic solutions and leadership for a vibrant Sacramento region","publisher":{"@id":"https:\/\/sacramento-region-community-foundation.mystagingwebsite.com\/#organization"},"potentialAction":[{"@type":"SearchAction","target":{"@type":"EntryPoint","urlTemplate":"https:\/\/sacramento-region-community-foundation.mystagingwebsite.com\/?s={search_term_string}"},"query-input":{"@type":"PropertyValueSpecification","valueRequired":true,"valueName":"search_term_string"}}],"inLanguage":"es"},{"@type":"Organization","@id":"https:\/\/sacramento-region-community-foundation.mystagingwebsite.com\/#organization","name":"Sacramento Region Community Foundation","url":"https:\/\/sacramento-region-community-foundation.mystagingwebsite.com\/","logo":{"@type":"ImageObject","inLanguage":"es","@id":"https:\/\/sacramento-region-community-foundation.mystagingwebsite.com\/#\/schema\/logo\/image\/","url":"https:\/\/i0.wp.com\/www.sacregcf.org\/wp-content\/uploads\/2023\/11\/sacrcf-logo.png?fit=1200%2C393&ssl=1","contentUrl":"https:\/\/i0.wp.com\/www.sacregcf.org\/wp-content\/uploads\/2023\/11\/sacrcf-logo.png?fit=1200%2C393&ssl=1","width":1200,"height":393,"caption":"Sacramento Region Community Foundation"},"image":{"@id":"https:\/\/sacramento-region-community-foundation.mystagingwebsite.com\/#\/schema\/logo\/image\/"},"sameAs":["http:\/\/www.facebook.com\/sacregcf","https:\/\/x.com\/sacregcf","https:\/\/www.instagram.com\/sacregcf","https:\/\/www.linkedin.com\/company\/1184838"]},{"@type":"Person","@id":"https:\/\/sacramento-region-community-foundation.mystagingwebsite.com\/#\/schema\/person\/7e7b022da83398ab7c0afc166a3806f3","name":"Kelly Siefkin","url":"https:\/\/www.sacregcf.org\/es\/author\/kelly\/"}]}},"jetpack_featured_media_url":"https:\/\/i0.wp.com\/www.sacregcf.org\/wp-content\/uploads\/2023\/12\/Aaberg-Givans-Erin.jpg?fit=1174%2C1660&ssl=1","tpgb_featured_images":{"full":["https:\/\/i0.wp.com\/www.sacregcf.org\/wp-content\/uploads\/2023\/12\/Aaberg-Givans-Erin.jpg?fit=1174%2C1660&ssl=1",1174,1660,false],"tp-image-grid":["https:\/\/i0.wp.com\/www.sacregcf.org\/wp-content\/uploads\/2023\/12\/Aaberg-Givans-Erin.jpg?resize=700%2C700&ssl=1",700,700,true],"thumbnail":["https:\/\/i0.wp.com\/www.sacregcf.org\/wp-content\/uploads\/2023\/12\/Aaberg-Givans-Erin.jpg?resize=150%2C150&ssl=1",150,150,true],"medium":["https:\/\/i0.wp.com\/www.sacregcf.org\/wp-content\/uploads\/2023\/12\/Aaberg-Givans-Erin.jpg?fit=212%2C300&ssl=1",212,300,true],"medium_large":["https:\/\/i0.wp.com\/www.sacregcf.org\/wp-content\/uploads\/2023\/12\/Aaberg-Givans-Erin.jpg?fit=768%2C1086&ssl=1",768,1086,true],"large":["https:\/\/i0.wp.com\/www.sacregcf.org\/wp-content\/uploads\/2023\/12\/Aaberg-Givans-Erin.jpg?fit=724%2C1024&ssl=1",724,1024,true],"default":"https:\/\/www.sacregcf.org\/wp-content\/plugins\/the-plus-addons-for-block-editor\/assets\/images\/tpgb-placeholder.jpg"},"tpgb_post_meta_info":{"get_date":"1 de octubre de 2017","get_modified_date":"22 de diciembre de 2024","category_list":{"category":[{"term_id":28,"name":"Historias de donantes","slug":"historias-de-donantes","term_group":0,"term_taxonomy_id":28,"taxonomy":"category","description":"","parent":0,"count":22,"filter":"raw"}],"post_tag":[{"term_id":145,"name":"Fondo de becas","slug":"fondo-de-becas","term_group":0,"term_taxonomy_id":145,"taxonomy":"post_tag","description":"","parent":0,"count":3,"filter":"raw"}]},"author_name":"Kelly Siefkin","author_url":"https:\/\/www.sacregcf.org\/es\/author\/kelly\/","author_email":"kelly@sacregcf.org","author_website":"","author_description":"","author_facebook":"","author_twitter":"","author_instagram":"","author_role":["administrator"],"author_firstname":"Kelly","author_lastname":"Siefkin, Chief Philanthropy Officer","user_login":"kelly","comment_count":0,"post_likes":0,"post_views":0},"tpgb_post_category":{"category":"<a href=\"https:\/\/www.sacregcf.org\/es\/category\/historias-de-donantes\/\" alt=\"Historias de donantes\"  class=\"category-historias-de-donantes\">Historias de donantes<\/a> ","post_tag":"<a href=\"https:\/\/www.sacregcf.org\/es\/tag\/fondo-de-becas\/\" alt=\"Fondo de becas\"  class=\"post_tag-fondo-de-becas\">Fondo de becas<\/a> "},"jetpack_sharing_enabled":true,"jetpack-related-posts":[{"id":7011,"url":"https:\/\/www.sacregcf.org\/es\/fondo-de-becas-helen-nash\/","url_meta":{"origin":7034,"position":0},"title":"Fondo de Becas Helen Nash","author":"Kelly Siefkin","date":"22 de diciembre de 2014","format":false,"excerpt":"El deseo de Helen de ayudar a otros a continuar su educaci\u00f3n sigue activo a trav\u00e9s de becas.","rel":"","context":"En \u00abHistorias de donantes\u00bb","block_context":{"text":"Historias de donantes","link":"https:\/\/www.sacregcf.org\/es\/category\/historias-de-donantes\/"},"img":{"alt_text":"","src":"https:\/\/i0.wp.com\/www.sacregcf.org\/wp-content\/uploads\/2023\/12\/HelenNash.jpg?fit=800%2C1200&ssl=1&resize=350%2C200","width":350,"height":200,"srcset":"https:\/\/i0.wp.com\/www.sacregcf.org\/wp-content\/uploads\/2023\/12\/HelenNash.jpg?fit=800%2C1200&ssl=1&resize=350%2C200 1x, https:\/\/i0.wp.com\/www.sacregcf.org\/wp-content\/uploads\/2023\/12\/HelenNash.jpg?fit=800%2C1200&ssl=1&resize=525%2C300 1.5x, https:\/\/i0.wp.com\/www.sacregcf.org\/wp-content\/uploads\/2023\/12\/HelenNash.jpg?fit=800%2C1200&ssl=1&resize=700%2C400 2x"},"classes":[]},{"id":17776,"url":"https:\/\/www.sacregcf.org\/es\/se-abren-oportunidades-de-becas-para-estudiantes-locales\/","url_meta":{"origin":7034,"position":1},"title":"Se abren oportunidades de becas para estudiantes locales","author":"Jasmine Ripoyla","date":"17 de diciembre de 2024","format":false,"excerpt":"La Fundaci\u00f3n otorga anualmente m\u00e1s de $1 mill\u00f3n en becas, financiadas por donantes locales.","rel":"","context":"En \u00abEstudiantes\u00bb","block_context":{"text":"Estudiantes","link":"https:\/\/www.sacregcf.org\/es\/category\/estudiantes\/"},"img":{"alt_text":"","src":"https:\/\/i0.wp.com\/www.sacregcf.org\/wp-content\/uploads\/2023\/12\/Young-Woman-Student-scaled.jpeg?fit=1200%2C800&ssl=1&resize=350%2C200","width":350,"height":200,"srcset":"https:\/\/i0.wp.com\/www.sacregcf.org\/wp-content\/uploads\/2023\/12\/Young-Woman-Student-scaled.jpeg?fit=1200%2C800&ssl=1&resize=350%2C200 1x, https:\/\/i0.wp.com\/www.sacregcf.org\/wp-content\/uploads\/2023\/12\/Young-Woman-Student-scaled.jpeg?fit=1200%2C800&ssl=1&resize=525%2C300 1.5x, https:\/\/i0.wp.com\/www.sacregcf.org\/wp-content\/uploads\/2023\/12\/Young-Woman-Student-scaled.jpeg?fit=1200%2C800&ssl=1&resize=700%2C400 2x, https:\/\/i0.wp.com\/www.sacregcf.org\/wp-content\/uploads\/2023\/12\/Young-Woman-Student-scaled.jpeg?fit=1200%2C800&ssl=1&resize=1050%2C600 3x"},"classes":[]},{"id":6937,"url":"https:\/\/www.sacregcf.org\/es\/becas-disponibles-para-estudiantes-del-area\/","url_meta":{"origin":7034,"position":2},"title":"Becas disponibles para estudiantes del \u00e1rea","author":"Vasey Coman","date":"11 de diciembre de 2023","format":false,"excerpt":"Anualmente otorgamos casi $1 mill\u00f3n en becas, financiadas en gran parte por donantes locales.","rel":"","context":"En \u00abEstudiantes\u00bb","block_context":{"text":"Estudiantes","link":"https:\/\/www.sacregcf.org\/es\/category\/estudiantes\/"},"img":{"alt_text":"","src":"https:\/\/i0.wp.com\/www.sacregcf.org\/wp-content\/uploads\/2023\/12\/summerinstitude_day1-19-scaled.jpg?fit=1200%2C800&ssl=1&resize=350%2C200","width":350,"height":200,"srcset":"https:\/\/i0.wp.com\/www.sacregcf.org\/wp-content\/uploads\/2023\/12\/summerinstitude_day1-19-scaled.jpg?fit=1200%2C800&ssl=1&resize=350%2C200 1x, https:\/\/i0.wp.com\/www.sacregcf.org\/wp-content\/uploads\/2023\/12\/summerinstitude_day1-19-scaled.jpg?fit=1200%2C800&ssl=1&resize=525%2C300 1.5x, https:\/\/i0.wp.com\/www.sacregcf.org\/wp-content\/uploads\/2023\/12\/summerinstitude_day1-19-scaled.jpg?fit=1200%2C800&ssl=1&resize=700%2C400 2x, https:\/\/i0.wp.com\/www.sacregcf.org\/wp-content\/uploads\/2023\/12\/summerinstitude_day1-19-scaled.jpg?fit=1200%2C800&ssl=1&resize=1050%2C600 3x"},"classes":[]},{"id":7033,"url":"https:\/\/www.sacregcf.org\/es\/fondo-cueto-prietto\/","url_meta":{"origin":7034,"position":3},"title":"Fondo Cueto Prietto","author":"Kelly Siefkin","date":"22 de octubre de 2015","format":false,"excerpt":"Continuando con el esp\u00edritu filantr\u00f3pico de su familia y creando un legado.","rel":"","context":"En \u00abHistorias de donantes\u00bb","block_context":{"text":"Historias de donantes","link":"https:\/\/www.sacregcf.org\/es\/category\/historias-de-donantes\/"},"img":{"alt_text":"","src":"https:\/\/i0.wp.com\/www.sacregcf.org\/wp-content\/uploads\/2023\/12\/Katnick-Andrew.png?fit=829%2C566&ssl=1&resize=350%2C200","width":350,"height":200,"srcset":"https:\/\/i0.wp.com\/www.sacregcf.org\/wp-content\/uploads\/2023\/12\/Katnick-Andrew.png?fit=829%2C566&ssl=1&resize=350%2C200 1x, https:\/\/i0.wp.com\/www.sacregcf.org\/wp-content\/uploads\/2023\/12\/Katnick-Andrew.png?fit=829%2C566&ssl=1&resize=525%2C300 1.5x, https:\/\/i0.wp.com\/www.sacregcf.org\/wp-content\/uploads\/2023\/12\/Katnick-Andrew.png?fit=829%2C566&ssl=1&resize=700%2C400 2x"},"classes":[]},{"id":6955,"url":"https:\/\/www.sacregcf.org\/es\/la-filantropia-mantiene-a-sus-clientes-pegajosos\/","url_meta":{"origin":7034,"position":4},"title":"La filantrop\u00eda mantiene a sus clientes pegajosos","author":"Brigid Powers","date":"11 de diciembre de 2023","format":false,"excerpt":"Podemos ayudar a los asesores a crear oportunidades para hablar de filantrop\u00eda con los clientes y sus hijos y nietos.","rel":"","context":"En \u00abInformaci\u00f3n para asesores\u00bb","block_context":{"text":"Informaci\u00f3n para asesores","link":"https:\/\/www.sacregcf.org\/es\/category\/informacion-para-asesores\/"},"img":{"alt_text":"","src":"https:\/\/i0.wp.com\/www.sacregcf.org\/wp-content\/uploads\/2023\/12\/download-1.png?fit=769%2C513&ssl=1&resize=350%2C200","width":350,"height":200,"srcset":"https:\/\/i0.wp.com\/www.sacregcf.org\/wp-content\/uploads\/2023\/12\/download-1.png?fit=769%2C513&ssl=1&resize=350%2C200 1x, https:\/\/i0.wp.com\/www.sacregcf.org\/wp-content\/uploads\/2023\/12\/download-1.png?fit=769%2C513&ssl=1&resize=525%2C300 1.5x, https:\/\/i0.wp.com\/www.sacregcf.org\/wp-content\/uploads\/2023\/12\/download-1.png?fit=769%2C513&ssl=1&resize=700%2C400 2x"},"classes":[]},{"id":20485,"url":"https:\/\/www.sacregcf.org\/es\/un-ano-extraordinario-de-concesion-de-subvenciones\/","url_meta":{"origin":7034,"position":5},"title":"Un a\u00f1o extraordinario de concesi\u00f3n de subvenciones","author":"Vasey Coman","date":"23 de enero de 2025","format":false,"excerpt":"Los fil\u00e1ntropos locales otorgaron $24 millones a trav\u00e9s de nuestra fundaci\u00f3n comunitaria en 2024.","rel":"","context":"En \u00abNoticias\u00bb","block_context":{"text":"Noticias","link":"https:\/\/www.sacregcf.org\/es\/category\/noticias\/"},"img":{"alt_text":"","src":"https:\/\/i0.wp.com\/www.sacregcf.org\/wp-content\/uploads\/2025\/01\/Lavender-Library-grant-check-scaled.jpg?fit=1200%2C900&ssl=1&resize=350%2C200","width":350,"height":200,"srcset":"https:\/\/i0.wp.com\/www.sacregcf.org\/wp-content\/uploads\/2025\/01\/Lavender-Library-grant-check-scaled.jpg?fit=1200%2C900&ssl=1&resize=350%2C200 1x, https:\/\/i0.wp.com\/www.sacregcf.org\/wp-content\/uploads\/2025\/01\/Lavender-Library-grant-check-scaled.jpg?fit=1200%2C900&ssl=1&resize=525%2C300 1.5x, https:\/\/i0.wp.com\/www.sacregcf.org\/wp-content\/uploads\/2025\/01\/Lavender-Library-grant-check-scaled.jpg?fit=1200%2C900&ssl=1&resize=700%2C400 2x, https:\/\/i0.wp.com\/www.sacregcf.org\/wp-content\/uploads\/2025\/01\/Lavender-Library-grant-check-scaled.jpg?fit=1200%2C900&ssl=1&resize=1050%2C600 3x"},"classes":[]}],"_links":{"self":[{"href":"https:\/\/www.sacregcf.org\/es\/wp-json\/wp\/v2\/posts\/7034","targetHints":{"allow":["GET"]}}],"collection":[{"href":"https:\/\/www.sacregcf.org\/es\/wp-json\/wp\/v2\/posts"}],"about":[{"href":"https:\/\/www.sacregcf.org\/es\/wp-json\/wp\/v2\/types\/post"}],"author":[{"embeddable":true,"href":"https:\/\/www.sacregcf.org\/es\/wp-json\/wp\/v2\/users\/4"}],"replies":[{"embeddable":true,"href":"https:\/\/www.sacregcf.org\/es\/wp-json\/wp\/v2\/comments?post=7034"}],"version-history":[{"count":0,"href":"https:\/\/www.sacregcf.org\/es\/wp-json\/wp\/v2\/posts\/7034\/revisions"}],"wp:featuredmedia":[{"embeddable":true,"href":"https:\/\/www.sacregcf.org\/es\/wp-json\/wp\/v2\/media\/6590"}],"wp:attachment":[{"href":"https:\/\/www.sacregcf.org\/es\/wp-json\/wp\/v2\/media?parent=7034"}],"wp:term":[{"taxonomy":"category","embeddable":true,"href":"https:\/\/www.sacregcf.org\/es\/wp-json\/wp\/v2\/categories?post=7034"},{"taxonomy":"post_tag","embeddable":true,"href":"https:\/\/www.sacregcf.org\/es\/wp-json\/wp\/v2\/tags?post=7034"}],"curies":[{"name":"wp","href":"https:\/\/api.w.org\/{rel}","templated":true}]}}