{"id":12774,"date":"2023-09-13T17:57:00","date_gmt":"2023-09-14T00:57:00","guid":{"rendered":"https:\/\/www.sacregcf.org\/trung-tam-du-an-moi-van-hoa-nhu-suc-khoe-tam-than\/"},"modified":"2026-06-28T19:25:23","modified_gmt":"2026-06-29T02:25:23","slug":"trung-tam-du-an-moi-van-hoa-nhu-suc-khoe-tam-than","status":"publish","type":"post","link":"https:\/\/www.sacregcf.org\/vi\/trung-tam-du-an-moi-van-hoa-nhu-suc-khoe-tam-than\/","title":{"rendered":"Trung t\u00e2m d\u1ef1 \u00e1n m\u1edbi V\u0103n h\u00f3a nh\u01b0 s\u1ee9c kh\u1ecfe t\u00e2m th\u1ea7n"},"content":{"rendered":"\n<p class=\"wp-block-paragraph\">Ch\u00fang t\u00f4i r\u1ea5t vui m\u1eebng \u0111\u01b0\u1ee3c h\u1ee3p t\u00e1c v\u1edbi <a href=\"https:\/\/aceresourcenetwork.com\/\" rel=\"noreferrer noopener\" target=\"_blank\">M\u1ea1ng l\u01b0\u1edbi T\u00e0i nguy\u00ean ACE<\/a> \u0111\u1ec3 c\u00f9ng kh\u1edfi \u0111\u1ed9ng D\u1ef1 \u00e1n V\u0103n h\u00f3a l\u00e0 S\u1ee9c kh\u1ecfe T\u00e2m th\u1ea7n, m\u1ed9t ch\u01b0\u01a1ng tr\u00ecnh \u0111\u01b0\u1ee3c thi\u1ebft k\u1ebf \u0111\u1ec3 th\u00fac \u0111\u1ea9y k\u1ebft qu\u1ea3 s\u1ee9c kh\u1ecfe t\u00e2m th\u1ea7n t\u00edch c\u1ef1c cho thanh thi\u1ebfu ni\u00ean \u0111\u1ecba ph\u01b0\u01a1ng b\u1eb1ng c\u00e1ch k\u1ebft n\u1ed1i h\u1ecd v\u1edbi c\u00e1c nh\u00e2n vi\u00ean y t\u1ebf c\u1ed9ng \u0111\u1ed3ng, nh\u1eefng ng\u01b0\u1eddi ph\u1ea3n \u00e1nh v\u0103n h\u00f3a, ng\u00f4n ng\u1eef v\u00e0 kinh nghi\u1ec7m c\u1ee7a h\u1ecd.  <\/p>\n\n<p class=\"wp-block-paragraph\">N\u1ed7 l\u1ef1c l\u00e0 k\u1ecbp th\u1eddi. Nh\u1eefng ng\u01b0\u1eddi tr\u1ebb tu\u1ed5i tr\u00ean to\u00e0n qu\u1ed1c b\u00e1o c\u00e1o <a href=\"https:\/\/www.cdc.gov\/media\/releases\/2022\/p0331-youth-mental-health-covid-19.html\" target=\"_blank\" rel=\"noreferrer noopener\">s\u1ee9c kh\u1ecfe t\u00e2m th\u1ea7n x\u1ea5u \u0111i<\/a> v\u00e0 nh\u1eefng n\u1ed7 l\u1ef1c n\u00e2ng cao s\u1ee9c kh\u1ecfe t\u00e2m th\u1ea7n tr\u1edf n\u00ean ph\u1ee9c t\u1ea1p b\u1edfi s\u1ef1 k\u1ef3 th\u1ecb \u0103n s\u00e2u v\u00e0 s\u1ef1 thi\u1ebfu h\u1ee5t nghi\u00eam tr\u1ecdng c\u00e1c chuy\u00ean gia s\u1ee9c kh\u1ecfe h\u00e0nh vi, c\u00f9ng c\u00e1c y\u1ebfu t\u1ed1 kh\u00e1c.   <\/p>\n\n<p class=\"wp-block-paragraph\">&#8220;H\u1ed7 tr\u1ee3 s\u1ee9c kh\u1ecfe tinh th\u1ea7n c\u1ee7a nh\u1eefng ng\u01b0\u1eddi tr\u1ebb tu\u1ed5i \u1edf khu v\u1ef1c Sacramento l\u00e0 m\u1ed9t kho\u1ea3n \u0111\u1ea7u t\u01b0 v\u00e0o t\u01b0\u01a1ng lai c\u1ee7a c\u1ed9ng \u0111\u1ed3ng ch\u00fang t\u00f4i,&#8221; Kerry Wood, gi\u00e1m \u0111\u1ed1c \u0111i\u1ec1u h\u00e0nh c\u1ee7a ch\u00fang t\u00f4i, n\u00f3i. &#8220;Khi ch\u00fang t\u00f4i \u01b0u ti\u00ean h\u1ea1nh ph\u00fac c\u1ee7a h\u1ecd, ch\u00fang t\u00f4i gieo h\u1ea1t gi\u1ed1ng cho m\u1ed9t c\u1ed9ng \u0111\u1ed3ng t\u01b0\u01a1i s\u00e1ng h\u01a1n, ki\u00ean c\u01b0\u1eddng h\u01a1n v\u00e0 nh\u00e2n \u00e1i h\u01a1n cho c\u00e1c th\u1ebf h\u1ec7 mai sau, v\u00e0 ch\u00fang t\u00f4i t\u1ef1 h\u00e0o \u0111\u01b0\u1ee3c h\u1ee3p t\u00e1c v\u1edbi M\u1ea1ng l\u01b0\u1edbi T\u00e0i nguy\u00ean ACE v\u00e0 c\u00e1c t\u1ed5 ch\u1ee9c phi l\u1ee3i nhu\u1eadn \u0111\u1ecba ph\u01b0\u01a1ng \u0111\u1ec3 \u0111\u1ea5u tranh cho m\u1ee5c ti\u00eau quan tr\u1ecdng n\u00e0y.&#8221; <\/p>\n\n<div class=\"wp-block-group alignfull has-global-padding is-layout-constrained wp-container-core-group-is-layout-d0468a65 wp-block-group-is-layout-constrained\" style=\"padding-top:var(--wp--preset--spacing--24);padding-bottom:var(--wp--preset--spacing--24)\">\n<figure class=\"wp-block-image alignfull size-full image-full-auto dropshadow-1 image-maxheight-600\"><img decoding=\"async\" width=\"2048\" height=\"1366\" data-src=\"https:\/\/www.sacregcf.org\/wp-content\/smush-webp\/2023\/12\/Waking-the-Village-2-scaled.jpg.webp\" alt=\"\" class=\"wp-image-2448 lazyload\" data-srcset=\"https:\/\/www.sacregcf.org\/wp-content\/smush-webp\/2023\/12\/Waking-the-Village-2-scaled.jpg.webp 2048w, https:\/\/www.sacregcf.org\/wp-content\/smush-webp\/2023\/12\/Waking-the-Village-2-300x200.jpg.webp 300w, https:\/\/www.sacregcf.org\/wp-content\/smush-webp\/2023\/12\/Waking-the-Village-2-1024x683.jpg.webp 1024w, https:\/\/www.sacregcf.org\/wp-content\/smush-webp\/2023\/12\/Waking-the-Village-2-768x512.jpg.webp 768w, https:\/\/www.sacregcf.org\/wp-content\/smush-webp\/2023\/12\/Waking-the-Village-2-1536x1024.jpg.webp 1536w\" data-sizes=\"(max-width: 2048px) 100vw, 2048px\" src=\"data:image\/svg+xml;base64,PHN2ZyB3aWR0aD0iMSIgaGVpZ2h0PSIxIiB4bWxucz0iaHR0cDovL3d3dy53My5vcmcvMjAwMC9zdmciPjwvc3ZnPg==\" style=\"--smush-placeholder-width: 2048px; --smush-placeholder-aspect-ratio: 2048\/1366;\" \/><\/figure>\n\n\n\n<p class=\"has-gray-color has-text-color has-link-color has-gotham-ssm-font-family has-small-font-size wp-elements-1 wp-block-paragraph\" style=\"padding-top:var(--wp--preset--spacing--16);padding-right:var(--wp--preset--spacing--45);padding-bottom:var(--wp--preset--spacing--16);padding-left:var(--wp--preset--spacing--45);font-style:normal;font-weight:300\">\u0110\u00e1nh th\u1ee9c ng\u00f4i l\u00e0ng<\/p>\n<\/div>\n\n<p class=\"wp-block-paragraph\">ACE Resource Network, m\u1ed9t t\u1ed5 ch\u1ee9c qu\u1ed1c gia chuy\u00ean n\u00e2ng cao nh\u1eadn th\u1ee9c v\u1ec1 nh\u1eefng tr\u1ea3i nghi\u1ec7m b\u1ea5t l\u1ee3i th\u1eddi th\u01a1 \u1ea5u (ACE) v\u00e0 c\u0103ng th\u1eb3ng \u0111\u1ed9c h\u1ea1i, \u0111\u1ed3ng th\u1eddi h\u1ed7 tr\u1ee3 nh\u1eefng ng\u01b0\u1eddi \u0111\u00e3 tr\u1ea3i qua ngh\u1ecbch c\u1ea3nh s\u1edbm, \u0111\u00e3 t\u00e0i tr\u1ee3 cho D\u1ef1 \u00e1n V\u0103n h\u00f3a l\u00e0 S\u1ee9c kh\u1ecfe T\u00e2m th\u1ea7n.  <\/p>\n\n<p class=\"wp-block-paragraph\">Sarah Marikos, MPH, Gi\u00e1m \u0111\u1ed1c \u0111i\u1ec1u h\u00e0nh c\u1ee7a ACE Resource Network cho bi\u1ebft: &#8220;Ch\u00fang t\u00f4i t\u1ef1 h\u00e0o \u0111\u01b0\u1ee3c h\u1ee3p t\u00e1c v\u1edbi Qu\u1ef9 v\u00e0 c\u00e1c \u0111\u1ed1i t\u00e1c \u0111\u1ec3 t\u0103ng kh\u00f4ng gian ch\u1eefa b\u1ec7nh, k\u1ebft n\u1ed1i v\u00e0 t\u00e0i nguy\u00ean ph\u00f9 h\u1ee3p v\u1edbi v\u0103n h\u00f3a v\u00e0 \u0111\u00e1p \u1ee9ng nhu c\u1ea7u c\u1ee7a gi\u1edbi tr\u1ebb. Ch\u00fang t\u00f4i tin r\u1eb1ng D\u1ef1 \u00e1n V\u0103n h\u00f3a l\u00e0 S\u1ee9c kh\u1ecfe T\u00e2m th\u1ea7n s\u1ebd gi\u00fap ph\u1ee5c v\u1ee5 nh\u1eefng ng\u01b0\u1eddi tr\u1ebb tu\u1ed5i v\u00e0 c\u1ed9ng \u0111\u1ed3ng tr\u00ean kh\u1eafp Sacramento, nh\u1eefng ng\u01b0\u1eddi c\u00f3 th\u1ec3 c\u00f3 t\u1ef7 l\u1ec7 ACE v\u00e0 ch\u1ea5n th\u01b0\u01a1ng gi\u1eefa c\u00e1c th\u1ebf h\u1ec7 cao h\u01a1n.<\/p>\n\n<p class=\"wp-block-paragraph\">Trong n\u0103m t\u1edbi, t\u00e1m t\u1ed5 ch\u1ee9c phi l\u1ee3i nhu\u1eadn \u0111\u1ecba ph\u01b0\u01a1ng s\u1ebd s\u1eed d\u1ee5ng s\u1ed1 ti\u1ec1n 250,000 \u0111\u00f4 la \u0111\u01b0\u1ee3c trao th\u00f4ng qua D\u1ef1 \u00e1n V\u0103n h\u00f3a l\u00e0 S\u1ee9c kh\u1ecfe T\u00e2m th\u1ea7n \u0111\u1ec3 t\u0103ng c\u01b0\u1eddng s\u1ee9c kh\u1ecfe t\u00e2m th\u1ea7n cho thanh thi\u1ebfu ni\u00ean trong khu v\u1ef1c. M\u1ed9t t\u1ed5 ch\u1ee9c phi l\u1ee3i nhu\u1eadn s\u1ebd k\u1ebft n\u1ed1i Ng\u01b0\u1eddi b\u1ea3n \u0111\u1ecba theo h\u1ecdc c\u00e1c tr\u01b0\u1eddng cao \u0111\u1eb3ng c\u1ed9ng \u0111\u1ed3ng \u0111\u1ecba ph\u01b0\u01a1ng v\u1edbi c\u00e1c d\u1ecbch v\u1ee5 ch\u0103m s\u00f3c s\u1ee9c kh\u1ecfe v\u00e0 s\u1ee9c kh\u1ecfe thi\u1ebft y\u1ebfu. M\u1ed9t c\u00e1ch kh\u00e1c s\u1ebd trao quy\u1ec1n cho nh\u1eefng ng\u01b0\u1eddi tr\u1ebb tu\u1ed5i s\u1eed d\u1ee5ng ngh\u1ec7 thu\u1eadt \u0111\u1ec3 gi\u1ea3i quy\u1ebft c\u00e1c v\u1ea5n \u0111\u1ec1 l\u1ea1m d\u1ee5ng ch\u1ea5t g\u00e2y nghi\u1ec7n trong c\u00e1c nh\u00f3m \u0111\u1ed3ng trang l\u1ee9a c\u1ee7a h\u1ecd. M\u1ed7i ch\u01b0\u01a1ng tr\u00ecnh s\u1ebd ph\u1ea3n \u00e1nh nhu c\u1ea7u v\u0103n h\u00f3a c\u1ee7a thanh thi\u1ebfu ni\u00ean m\u00e0 n\u00f3 ph\u1ee5c v\u1ee5, \u0111\u01b0\u1ee3c gi\u00e1m s\u00e1t b\u1edfi c\u00e1c nh\u00e2n vi\u00ean y t\u1ebf c\u1ed9ng \u0111\u1ed3ng c\u00f3 c\u00f9ng ngu\u1ed3n g\u1ed1c.     <\/p>\n\n<p class=\"wp-block-paragraph\">C\u00e1c nh\u00e0 l\u00e3nh \u0111\u1ea1o c\u1ee7a c\u00e1c t\u1ed5 ch\u1ee9c nh\u1eadn \u0111\u01b0\u1ee3c t\u00e0i tr\u1ee3 nh\u1ea5n m\u1ea1nh t\u1ea7m quan tr\u1ecdng c\u1ee7a ph\u01b0\u01a1ng ph\u00e1p n\u00e0y trong vi\u1ec7c gi\u1ea3i quy\u1ebft c\u00e1c th\u00e1ch th\u1ee9c v\u1ec1 s\u1ee9c kh\u1ecfe t\u00e2m th\u1ea7n v\u00e0 nu\u00f4i d\u01b0\u1ee1ng k\u1ebft qu\u1ea3 t\u00edch c\u1ef1c.  <\/p>\n\n<p class=\"wp-block-paragraph\">V\u1edbi s\u1ef1 h\u1ed7 tr\u1ee3 c\u1ee7a D\u1ef1 \u00e1n V\u0103n h\u00f3a l\u00e0 S\u1ee9c kh\u1ecfe T\u00e2m th\u1ea7n, nh\u00f3m c\u1ee7a Maria Hernandez t\u1ea1i <a href=\"https:\/\/www.bigdayofgiving.org\/organization\/towerofyouth\" rel=\"noreferrer noopener\" target=\"_blank\">Tower of Youth<\/a> s\u1ebd \u0111\u00e0o t\u1ea1o cho thanh ni\u00ean b\u1ea3n \u0111\u1ecba v\u1ec1 c\u00e1c k\u1ef9 thu\u1eadt k\u1ec3 chuy\u1ec7n k\u1ef9 thu\u1eadt s\u1ed1. \u0110\u1ec9nh cao c\u1ee7a n\u1ed7 l\u1ef1c n\u00e0y s\u1ebd t\u1ea1o ra m\u1ed9t lo\u1ea1t podcast t\u00f4n vinh ti\u1ebfng n\u00f3i, b\u1ea3n s\u1eafc v\u00e0 c\u1ed9ng \u0111\u1ed3ng. Hernandez l\u01b0u \u00fd, &#8220;Podcast s\u1ebd l\u00e0m s\u00e1ng t\u1ecf s\u1ef1 ph\u1ed5 bi\u1ebfn c\u1ee7a c\u00e1c t\u00ecnh tr\u1ea1ng s\u1ee9c kh\u1ecfe t\u00e2m th\u1ea7n trong d\u00e2n s\u1ed1 thanh ni\u00ean b\u1ea3n \u0111\u1ecba, l\u00e0m s\u00e1ng t\u1ecf c\u00e2u chuy\u1ec7n c\u1ee7a h\u1ecd v\u00e0 m\u1edf \u0111\u01b0\u1eddng cho cu\u1ed9c \u0111\u1ed1i tho\u1ea1i c\u1edfi m\u1edf. N\u00f3 s\u1ebd th\u00fac \u0111\u1ea9y m\u1ed9t kh\u00f4ng gian n\u01a1i th\u1ea3o lu\u1eadn v\u1ec1 s\u1ee9c kh\u1ecfe tinh th\u1ea7n tr\u1edf n\u00ean t\u1ef1 nhi\u00ean.    <\/p>\n\n<p class=\"wp-block-paragraph\">Michael Lynch, Gi\u00e1m \u0111\u1ed1c \u0111i\u1ec1u h\u00e0nh c\u1ee7a <a href=\"https:\/\/www.bigdayofgiving.org\/organization\/iyt\" target=\"_blank\" rel=\"noreferrer noopener\">Improve Your Tomorrow<\/a>, c\u0169ng cam k\u1ebft v\u1edbi c\u00e1ch ti\u1ebfp c\u1eadn n\u00e0y. V\u1edbi s\u1ef1 h\u1ed7 tr\u1ee3 c\u1ee7a D\u1ef1 \u00e1n V\u0103n h\u00f3a L\u00e0 S\u1ee9c kh\u1ecfe T\u00e2m th\u1ea7n, nh\u00f3m c\u1ee7a anh \u1ea5y s\u1ebd trao quy\u1ec1n cho c\u00e1c c\u1ed1 v\u1ea5n thanh thi\u1ebfu ni\u00ean \u1ee7ng h\u1ed9 vi\u1ec7c l\u1eafng nghe, h\u01b0\u1edbng d\u1eabn v\u00e0 gi\u1edbi thi\u1ec7u t\u00edch c\u1ef1c cho nh\u1eefng thanh ni\u00ean da m\u00e0u m\u00e0 h\u1ecd ph\u1ee5c v\u1ee5. &#8220;S\u1ee9c kh\u1ecfe tinh th\u1ea7n kh\u00f4ng bao gi\u1edd n\u00ean l\u00e0 m\u1ed9t cu\u1ed9c \u0111\u1ea5u tranh th\u1ea7m l\u1eb7ng. \u0110\u00e2y l\u00e0 m\u1ed9t tuy\u00ean b\u1ed1 v\u1edbi nh\u1eefng ng\u01b0\u1eddi \u0111\u00e0n \u00f4ng da m\u00e0u tr\u1ebb r\u1eb1ng h\u1ea1nh ph\u00fac c\u1ee7a h\u1ecd l\u00e0 t\u1ed1i quan tr\u1ecdng,&#8221; Lynch n\u00f3i.    <\/p>\n\n<p class=\"wp-block-paragraph\">Ngo\u00e0i Tower of Youth v\u00e0 Improve Your Tomorrow, c\u00e1c ch\u01b0\u01a1ng tr\u00ecnh t\u1ea1i <a href=\"https:\/\/www.bigdayofgiving.org\/organization\/lafamilia\" target=\"_blank\" rel=\"noreferrer noopener\">Trung t\u00e2m T\u01b0 v\u1ea5n La Familia<\/a>, Trung t\u00e2m T\u00e0i nguy\u00ean B\u1ea3n \u0111\u1ecba c\u1ee7a American River College, M\u1ea1ng l\u01b0\u1edbi Ng\u01b0\u1eddi cha B\u1ea3n \u0111\u1ecba, <a href=\"https:\/\/www.bigdayofgiving.org\/organization\/Sacyouthcenter\" target=\"_blank\" rel=\"noreferrer noopener\">Trung t\u00e2m Thanh ni\u00ean Sacramento<\/a>, <a href=\"https:\/\/www.bigdayofgiving.org\/organization\/Race-And-Gender-Equity-Project\" target=\"_blank\" rel=\"noreferrer noopener\">D\u1ef1 \u00e1n B\u00ecnh \u0111\u1eb3ng Gi\u1edbi v\u00e0 Ch\u1ee7ng t\u1ed9c<\/a>, v\u00e0 <a href=\"https:\/\/www.bigdayofgiving.org\/organization\/wakingthevillage\" target=\"_blank\" rel=\"noreferrer noopener\">\u0110\u00e1nh th\u1ee9c L\u00e0ng<\/a> c\u0169ng \u0111\u01b0\u1ee3c h\u1ed7 tr\u1ee3 b\u1edfi D\u1ef1 \u00e1n V\u0103n h\u00f3a l\u00e0 S\u1ee9c kh\u1ecfe T\u00e2m th\u1ea7n.<\/p>\n\n<div style=\"height:100px\" aria-hidden=\"true\" class=\"wp-block-spacer\"><\/div>\n","protected":false},"excerpt":{"rendered":"<p>Quan h\u1ec7 \u0111\u1ed1i t\u00e1c m\u1edbi c\u1ee7a ch\u00fang t\u00f4i h\u1ed7 tr\u1ee3 t\u00e1m t\u1ed5 ch\u1ee9c phi l\u1ee3i nhu\u1eadn trong khu v\u1ef1c \u0111\u1ec3 th\u00fac \u0111\u1ea9y k\u1ebft qu\u1ea3 s\u1ee9c kh\u1ecfe t\u00e2m th\u1ea7n t\u00edch c\u1ef1c.<\/p>\n","protected":false},"author":2,"featured_media":15132,"comment_status":"closed","ping_status":"open","sticky":false,"template":"","format":"standard","meta":{"_acf_changed":false,"tpgb_global_settings":"","_searchwp_excluded":"","_jetpack_feature_clip_id":0,"_jetpack_memberships_contains_paid_content":false,"footnotes":"","_members_access_role":[],"_members_access_error":"","_links_to":"","_links_to_target":""},"categories":[78,63],"tags":[193,131,60],"class_list":["post-12774","post","type-post","status-publish","format-standard","has-post-thumbnail","hentry","category-tai-tro-giai-thuong","category-tin-tuc","tag-giao-duc-suc-khoe-tam-than","tag-quy-tac-dong","tag-to-chuc-phi-loi-nhuan"],"acf":[],"yoast_head":"<!-- This site is optimized with the Yoast SEO plugin v28.4 - https:\/\/yoast.com\/product\/yoast-seo-wordpress\/ -->\n<title>Trung t\u00e2m d\u1ef1 \u00e1n m\u1edbi V\u0103n h\u00f3a nh\u01b0 s\u1ee9c kh\u1ecfe t\u00e2m th\u1ea7n - Sacramento Region Community Foundation<\/title>\n<meta name=\"robots\" content=\"index, follow, max-snippet:-1, max-image-preview:large, max-video-preview:-1\" \/>\n<link rel=\"canonical\" href=\"https:\/\/www.sacregcf.org\/vi\/trung-tam-du-an-moi-van-hoa-nhu-suc-khoe-tam-than\/\" \/>\n<meta property=\"og:locale\" content=\"vi_VN\" \/>\n<meta property=\"og:type\" content=\"article\" \/>\n<meta property=\"og:title\" content=\"Trung t\u00e2m d\u1ef1 \u00e1n m\u1edbi V\u0103n h\u00f3a nh\u01b0 s\u1ee9c kh\u1ecfe t\u00e2m th\u1ea7n - Sacramento Region Community Foundation\" \/>\n<meta property=\"og:description\" content=\"Quan h\u1ec7 \u0111\u1ed1i t\u00e1c m\u1edbi c\u1ee7a ch\u00fang t\u00f4i h\u1ed7 tr\u1ee3 t\u00e1m t\u1ed5 ch\u1ee9c phi l\u1ee3i nhu\u1eadn trong khu v\u1ef1c \u0111\u1ec3 th\u00fac \u0111\u1ea9y k\u1ebft qu\u1ea3 s\u1ee9c kh\u1ecfe t\u00e2m th\u1ea7n t\u00edch c\u1ef1c.\" \/>\n<meta property=\"og:url\" content=\"https:\/\/www.sacregcf.org\/vi\/trung-tam-du-an-moi-van-hoa-nhu-suc-khoe-tam-than\/\" \/>\n<meta property=\"og:site_name\" content=\"Sacramento Region Community Foundation\" \/>\n<meta property=\"article:publisher\" content=\"http:\/\/www.facebook.com\/sacregcf\" \/>\n<meta property=\"article:published_time\" content=\"2023-09-14T00:57:00+00:00\" \/>\n<meta property=\"article:modified_time\" content=\"2026-06-29T02:25:23+00:00\" \/>\n<meta property=\"og:image\" content=\"https:\/\/www.sacregcf.org\/wp-content\/uploads\/2023\/09\/Photo-1-Race-and-Gender-Equity-Project-e1734749253255.png\" \/>\n\t<meta property=\"og:image:width\" content=\"934\" \/>\n\t<meta property=\"og:image:height\" content=\"621\" \/>\n\t<meta property=\"og:image:type\" content=\"image\/png\" \/>\n<meta name=\"author\" content=\"Vasey Coman\" \/>\n<meta name=\"twitter:card\" content=\"summary_large_image\" \/>\n<meta name=\"twitter:creator\" content=\"@sacregcf\" \/>\n<meta name=\"twitter:site\" content=\"@sacregcf\" \/>\n<script type=\"application\/ld+json\" class=\"yoast-schema-graph\">{\"@context\":\"https:\\\/\\\/schema.org\",\"@graph\":[{\"@type\":\"Article\",\"@id\":\"https:\\\/\\\/www.sacregcf.org\\\/vi\\\/trung-tam-du-an-moi-van-hoa-nhu-suc-khoe-tam-than\\\/#article\",\"isPartOf\":{\"@id\":\"https:\\\/\\\/www.sacregcf.org\\\/vi\\\/trung-tam-du-an-moi-van-hoa-nhu-suc-khoe-tam-than\\\/\"},\"author\":{\"name\":\"Vasey Coman\",\"@id\":\"https:\\\/\\\/sacramento-region-community-foundation.mystagingwebsite.com\\\/#\\\/schema\\\/person\\\/0fb1109f4f7e0b4fd8f66d511ee89cfb\"},\"headline\":\"Trung t\u00e2m d\u1ef1 \u00e1n m\u1edbi V\u0103n h\u00f3a nh\u01b0 s\u1ee9c kh\u1ecfe t\u00e2m th\u1ea7n\",\"datePublished\":\"2023-09-14T00:57:00+00:00\",\"dateModified\":\"2026-06-29T02:25:23+00:00\",\"mainEntityOfPage\":{\"@id\":\"https:\\\/\\\/www.sacregcf.org\\\/vi\\\/trung-tam-du-an-moi-van-hoa-nhu-suc-khoe-tam-than\\\/\"},\"wordCount\":1395,\"publisher\":{\"@id\":\"https:\\\/\\\/sacramento-region-community-foundation.mystagingwebsite.com\\\/#organization\"},\"image\":{\"@id\":\"https:\\\/\\\/www.sacregcf.org\\\/vi\\\/trung-tam-du-an-moi-van-hoa-nhu-suc-khoe-tam-than\\\/#primaryimage\"},\"thumbnailUrl\":\"https:\\\/\\\/www.sacregcf.org\\\/wp-content\\\/uploads\\\/2023\\\/09\\\/Photo-1-Race-and-Gender-Equity-Project-e1734749253255.png\",\"keywords\":[\"Gi\u00e1o d\u1ee5c &amp; S\u1ee9c kh\u1ecfe T\u00e2m th\u1ea7n\",\"Qu\u1ef9 t\u00e1c \u0111\u1ed9ng\",\"T\u1ed5 ch\u1ee9c phi l\u1ee3i nhu\u1eadn\"],\"articleSection\":[\"T\u00e0i tr\u1ee3 &amp;; Gi\u1ea3i th\u01b0\u1edfng\",\"Tin t\u1ee9c\"],\"inLanguage\":\"vi-VN\"},{\"@type\":\"WebPage\",\"@id\":\"https:\\\/\\\/www.sacregcf.org\\\/vi\\\/trung-tam-du-an-moi-van-hoa-nhu-suc-khoe-tam-than\\\/\",\"url\":\"https:\\\/\\\/www.sacregcf.org\\\/vi\\\/trung-tam-du-an-moi-van-hoa-nhu-suc-khoe-tam-than\\\/\",\"name\":\"Trung t\u00e2m d\u1ef1 \u00e1n m\u1edbi V\u0103n h\u00f3a nh\u01b0 s\u1ee9c kh\u1ecfe t\u00e2m th\u1ea7n - Sacramento Region Community Foundation\",\"isPartOf\":{\"@id\":\"https:\\\/\\\/sacramento-region-community-foundation.mystagingwebsite.com\\\/#website\"},\"primaryImageOfPage\":{\"@id\":\"https:\\\/\\\/www.sacregcf.org\\\/vi\\\/trung-tam-du-an-moi-van-hoa-nhu-suc-khoe-tam-than\\\/#primaryimage\"},\"image\":{\"@id\":\"https:\\\/\\\/www.sacregcf.org\\\/vi\\\/trung-tam-du-an-moi-van-hoa-nhu-suc-khoe-tam-than\\\/#primaryimage\"},\"thumbnailUrl\":\"https:\\\/\\\/www.sacregcf.org\\\/wp-content\\\/uploads\\\/2023\\\/09\\\/Photo-1-Race-and-Gender-Equity-Project-e1734749253255.png\",\"datePublished\":\"2023-09-14T00:57:00+00:00\",\"dateModified\":\"2026-06-29T02:25:23+00:00\",\"breadcrumb\":{\"@id\":\"https:\\\/\\\/www.sacregcf.org\\\/vi\\\/trung-tam-du-an-moi-van-hoa-nhu-suc-khoe-tam-than\\\/#breadcrumb\"},\"inLanguage\":\"vi-VN\",\"potentialAction\":[{\"@type\":\"ReadAction\",\"target\":[\"https:\\\/\\\/www.sacregcf.org\\\/vi\\\/trung-tam-du-an-moi-van-hoa-nhu-suc-khoe-tam-than\\\/\"]}]},{\"@type\":\"ImageObject\",\"inLanguage\":\"vi-VN\",\"@id\":\"https:\\\/\\\/www.sacregcf.org\\\/vi\\\/trung-tam-du-an-moi-van-hoa-nhu-suc-khoe-tam-than\\\/#primaryimage\",\"url\":\"https:\\\/\\\/www.sacregcf.org\\\/wp-content\\\/uploads\\\/2023\\\/09\\\/Photo-1-Race-and-Gender-Equity-Project-e1734749253255.png\",\"contentUrl\":\"https:\\\/\\\/www.sacregcf.org\\\/wp-content\\\/uploads\\\/2023\\\/09\\\/Photo-1-Race-and-Gender-Equity-Project-e1734749253255.png\",\"width\":934,\"height\":621},{\"@type\":\"BreadcrumbList\",\"@id\":\"https:\\\/\\\/www.sacregcf.org\\\/vi\\\/trung-tam-du-an-moi-van-hoa-nhu-suc-khoe-tam-than\\\/#breadcrumb\",\"itemListElement\":[{\"@type\":\"ListItem\",\"position\":1,\"name\":\"Home\",\"item\":\"https:\\\/\\\/www.sacregcf.org\\\/vi\\\/\"},{\"@type\":\"ListItem\",\"position\":2,\"name\":\"Trung t\u00e2m d\u1ef1 \u00e1n m\u1edbi V\u0103n h\u00f3a nh\u01b0 s\u1ee9c kh\u1ecfe t\u00e2m th\u1ea7n\"}]},{\"@type\":\"WebSite\",\"@id\":\"https:\\\/\\\/sacramento-region-community-foundation.mystagingwebsite.com\\\/#website\",\"url\":\"https:\\\/\\\/sacramento-region-community-foundation.mystagingwebsite.com\\\/\",\"name\":\"Sacramento Region Community Foundation\",\"description\":\"Philanthropic solutions and leadership for a vibrant Sacramento region\",\"publisher\":{\"@id\":\"https:\\\/\\\/sacramento-region-community-foundation.mystagingwebsite.com\\\/#organization\"},\"potentialAction\":[{\"@type\":\"SearchAction\",\"target\":{\"@type\":\"EntryPoint\",\"urlTemplate\":\"https:\\\/\\\/sacramento-region-community-foundation.mystagingwebsite.com\\\/?s={search_term_string}\"},\"query-input\":{\"@type\":\"PropertyValueSpecification\",\"valueRequired\":true,\"valueName\":\"search_term_string\"}}],\"inLanguage\":\"vi-VN\"},{\"@type\":\"Organization\",\"@id\":\"https:\\\/\\\/sacramento-region-community-foundation.mystagingwebsite.com\\\/#organization\",\"name\":\"T\u1ed5 ch\u1ee9c C\u1ed9ng \u0111\u1ed3ng V\u00f9ng Sacramento\",\"url\":\"https:\\\/\\\/sacramento-region-community-foundation.mystagingwebsite.com\\\/\",\"logo\":{\"@type\":\"ImageObject\",\"inLanguage\":\"vi-VN\",\"@id\":\"https:\\\/\\\/sacramento-region-community-foundation.mystagingwebsite.com\\\/#\\\/schema\\\/logo\\\/image\\\/\",\"url\":\"https:\\\/\\\/www.sacregcf.org\\\/wp-content\\\/uploads\\\/2023\\\/11\\\/sacrcf-logo.png\",\"contentUrl\":\"https:\\\/\\\/www.sacregcf.org\\\/wp-content\\\/uploads\\\/2023\\\/11\\\/sacrcf-logo.png\",\"width\":1200,\"height\":393,\"caption\":\"T\u1ed5 ch\u1ee9c C\u1ed9ng \u0111\u1ed3ng V\u00f9ng Sacramento\"},\"image\":{\"@id\":\"https:\\\/\\\/sacramento-region-community-foundation.mystagingwebsite.com\\\/#\\\/schema\\\/logo\\\/image\\\/\"},\"sameAs\":[\"http:\\\/\\\/www.facebook.com\\\/sacregcf\",\"https:\\\/\\\/x.com\\\/sacregcf\",\"https:\\\/\\\/www.instagram.com\\\/sacregcf\",\"https:\\\/\\\/www.linkedin.com\\\/company\\\/1184838\"]},{\"@type\":\"Person\",\"@id\":\"https:\\\/\\\/sacramento-region-community-foundation.mystagingwebsite.com\\\/#\\\/schema\\\/person\\\/0fb1109f4f7e0b4fd8f66d511ee89cfb\",\"name\":\"Vasey Coman\",\"url\":\"https:\\\/\\\/www.sacregcf.org\\\/vi\\\/author\\\/vasey\\\/\"}]}<\/script>\n<!-- \/ Yoast SEO plugin. -->","yoast_head_json":{"title":"Trung t\u00e2m d\u1ef1 \u00e1n m\u1edbi V\u0103n h\u00f3a nh\u01b0 s\u1ee9c kh\u1ecfe t\u00e2m th\u1ea7n - Sacramento Region Community Foundation","robots":{"index":"index","follow":"follow","max-snippet":"max-snippet:-1","max-image-preview":"max-image-preview:large","max-video-preview":"max-video-preview:-1"},"canonical":"https:\/\/www.sacregcf.org\/vi\/trung-tam-du-an-moi-van-hoa-nhu-suc-khoe-tam-than\/","og_locale":"vi_VN","og_type":"article","og_title":"Trung t\u00e2m d\u1ef1 \u00e1n m\u1edbi V\u0103n h\u00f3a nh\u01b0 s\u1ee9c kh\u1ecfe t\u00e2m th\u1ea7n - Sacramento Region Community Foundation","og_description":"Quan h\u1ec7 \u0111\u1ed1i t\u00e1c m\u1edbi c\u1ee7a ch\u00fang t\u00f4i h\u1ed7 tr\u1ee3 t\u00e1m t\u1ed5 ch\u1ee9c phi l\u1ee3i nhu\u1eadn trong khu v\u1ef1c \u0111\u1ec3 th\u00fac \u0111\u1ea9y k\u1ebft qu\u1ea3 s\u1ee9c kh\u1ecfe t\u00e2m th\u1ea7n t\u00edch c\u1ef1c.","og_url":"https:\/\/www.sacregcf.org\/vi\/trung-tam-du-an-moi-van-hoa-nhu-suc-khoe-tam-than\/","og_site_name":"Sacramento Region Community Foundation","article_publisher":"http:\/\/www.facebook.com\/sacregcf","article_published_time":"2023-09-14T00:57:00+00:00","article_modified_time":"2026-06-29T02:25:23+00:00","og_image":[{"width":934,"height":621,"url":"https:\/\/www.sacregcf.org\/wp-content\/uploads\/2023\/09\/Photo-1-Race-and-Gender-Equity-Project-e1734749253255.png","type":"image\/png"}],"author":"Vasey Coman","twitter_card":"summary_large_image","twitter_creator":"@sacregcf","twitter_site":"@sacregcf","schema":{"@context":"https:\/\/schema.org","@graph":[{"@type":"Article","@id":"https:\/\/www.sacregcf.org\/vi\/trung-tam-du-an-moi-van-hoa-nhu-suc-khoe-tam-than\/#article","isPartOf":{"@id":"https:\/\/www.sacregcf.org\/vi\/trung-tam-du-an-moi-van-hoa-nhu-suc-khoe-tam-than\/"},"author":{"name":"Vasey Coman","@id":"https:\/\/sacramento-region-community-foundation.mystagingwebsite.com\/#\/schema\/person\/0fb1109f4f7e0b4fd8f66d511ee89cfb"},"headline":"Trung t\u00e2m d\u1ef1 \u00e1n m\u1edbi V\u0103n h\u00f3a nh\u01b0 s\u1ee9c kh\u1ecfe t\u00e2m th\u1ea7n","datePublished":"2023-09-14T00:57:00+00:00","dateModified":"2026-06-29T02:25:23+00:00","mainEntityOfPage":{"@id":"https:\/\/www.sacregcf.org\/vi\/trung-tam-du-an-moi-van-hoa-nhu-suc-khoe-tam-than\/"},"wordCount":1395,"publisher":{"@id":"https:\/\/sacramento-region-community-foundation.mystagingwebsite.com\/#organization"},"image":{"@id":"https:\/\/www.sacregcf.org\/vi\/trung-tam-du-an-moi-van-hoa-nhu-suc-khoe-tam-than\/#primaryimage"},"thumbnailUrl":"https:\/\/www.sacregcf.org\/wp-content\/uploads\/2023\/09\/Photo-1-Race-and-Gender-Equity-Project-e1734749253255.png","keywords":["Gi\u00e1o d\u1ee5c &amp; S\u1ee9c kh\u1ecfe T\u00e2m th\u1ea7n","Qu\u1ef9 t\u00e1c \u0111\u1ed9ng","T\u1ed5 ch\u1ee9c phi l\u1ee3i nhu\u1eadn"],"articleSection":["T\u00e0i tr\u1ee3 &amp;; Gi\u1ea3i th\u01b0\u1edfng","Tin t\u1ee9c"],"inLanguage":"vi-VN"},{"@type":"WebPage","@id":"https:\/\/www.sacregcf.org\/vi\/trung-tam-du-an-moi-van-hoa-nhu-suc-khoe-tam-than\/","url":"https:\/\/www.sacregcf.org\/vi\/trung-tam-du-an-moi-van-hoa-nhu-suc-khoe-tam-than\/","name":"Trung t\u00e2m d\u1ef1 \u00e1n m\u1edbi V\u0103n h\u00f3a nh\u01b0 s\u1ee9c kh\u1ecfe t\u00e2m th\u1ea7n - Sacramento Region Community Foundation","isPartOf":{"@id":"https:\/\/sacramento-region-community-foundation.mystagingwebsite.com\/#website"},"primaryImageOfPage":{"@id":"https:\/\/www.sacregcf.org\/vi\/trung-tam-du-an-moi-van-hoa-nhu-suc-khoe-tam-than\/#primaryimage"},"image":{"@id":"https:\/\/www.sacregcf.org\/vi\/trung-tam-du-an-moi-van-hoa-nhu-suc-khoe-tam-than\/#primaryimage"},"thumbnailUrl":"https:\/\/www.sacregcf.org\/wp-content\/uploads\/2023\/09\/Photo-1-Race-and-Gender-Equity-Project-e1734749253255.png","datePublished":"2023-09-14T00:57:00+00:00","dateModified":"2026-06-29T02:25:23+00:00","breadcrumb":{"@id":"https:\/\/www.sacregcf.org\/vi\/trung-tam-du-an-moi-van-hoa-nhu-suc-khoe-tam-than\/#breadcrumb"},"inLanguage":"vi-VN","potentialAction":[{"@type":"ReadAction","target":["https:\/\/www.sacregcf.org\/vi\/trung-tam-du-an-moi-van-hoa-nhu-suc-khoe-tam-than\/"]}]},{"@type":"ImageObject","inLanguage":"vi-VN","@id":"https:\/\/www.sacregcf.org\/vi\/trung-tam-du-an-moi-van-hoa-nhu-suc-khoe-tam-than\/#primaryimage","url":"https:\/\/www.sacregcf.org\/wp-content\/uploads\/2023\/09\/Photo-1-Race-and-Gender-Equity-Project-e1734749253255.png","contentUrl":"https:\/\/www.sacregcf.org\/wp-content\/uploads\/2023\/09\/Photo-1-Race-and-Gender-Equity-Project-e1734749253255.png","width":934,"height":621},{"@type":"BreadcrumbList","@id":"https:\/\/www.sacregcf.org\/vi\/trung-tam-du-an-moi-van-hoa-nhu-suc-khoe-tam-than\/#breadcrumb","itemListElement":[{"@type":"ListItem","position":1,"name":"Home","item":"https:\/\/www.sacregcf.org\/vi\/"},{"@type":"ListItem","position":2,"name":"Trung t\u00e2m d\u1ef1 \u00e1n m\u1edbi V\u0103n h\u00f3a nh\u01b0 s\u1ee9c kh\u1ecfe t\u00e2m th\u1ea7n"}]},{"@type":"WebSite","@id":"https:\/\/sacramento-region-community-foundation.mystagingwebsite.com\/#website","url":"https:\/\/sacramento-region-community-foundation.mystagingwebsite.com\/","name":"Sacramento Region Community Foundation","description":"Philanthropic solutions and leadership for a vibrant Sacramento region","publisher":{"@id":"https:\/\/sacramento-region-community-foundation.mystagingwebsite.com\/#organization"},"potentialAction":[{"@type":"SearchAction","target":{"@type":"EntryPoint","urlTemplate":"https:\/\/sacramento-region-community-foundation.mystagingwebsite.com\/?s={search_term_string}"},"query-input":{"@type":"PropertyValueSpecification","valueRequired":true,"valueName":"search_term_string"}}],"inLanguage":"vi-VN"},{"@type":"Organization","@id":"https:\/\/sacramento-region-community-foundation.mystagingwebsite.com\/#organization","name":"T\u1ed5 ch\u1ee9c C\u1ed9ng \u0111\u1ed3ng V\u00f9ng Sacramento","url":"https:\/\/sacramento-region-community-foundation.mystagingwebsite.com\/","logo":{"@type":"ImageObject","inLanguage":"vi-VN","@id":"https:\/\/sacramento-region-community-foundation.mystagingwebsite.com\/#\/schema\/logo\/image\/","url":"https:\/\/www.sacregcf.org\/wp-content\/uploads\/2023\/11\/sacrcf-logo.png","contentUrl":"https:\/\/www.sacregcf.org\/wp-content\/uploads\/2023\/11\/sacrcf-logo.png","width":1200,"height":393,"caption":"T\u1ed5 ch\u1ee9c C\u1ed9ng \u0111\u1ed3ng V\u00f9ng Sacramento"},"image":{"@id":"https:\/\/sacramento-region-community-foundation.mystagingwebsite.com\/#\/schema\/logo\/image\/"},"sameAs":["http:\/\/www.facebook.com\/sacregcf","https:\/\/x.com\/sacregcf","https:\/\/www.instagram.com\/sacregcf","https:\/\/www.linkedin.com\/company\/1184838"]},{"@type":"Person","@id":"https:\/\/sacramento-region-community-foundation.mystagingwebsite.com\/#\/schema\/person\/0fb1109f4f7e0b4fd8f66d511ee89cfb","name":"Vasey Coman","url":"https:\/\/www.sacregcf.org\/vi\/author\/vasey\/"}]}},"tpgb_featured_images":{"full":["https:\/\/www.sacregcf.org\/wp-content\/uploads\/2023\/09\/Photo-1-Race-and-Gender-Equity-Project-e1734749253255.png",934,621,false],"tp-image-grid":["https:\/\/www.sacregcf.org\/wp-content\/uploads\/2023\/09\/Photo-1-Race-and-Gender-Equity-Project-e1734749253255.png",700,465,false],"thumbnail":["https:\/\/www.sacregcf.org\/wp-content\/uploads\/2023\/09\/Photo-1-Race-and-Gender-Equity-Project-150x150.png",150,150,true],"medium":["https:\/\/www.sacregcf.org\/wp-content\/uploads\/2023\/09\/Photo-1-Race-and-Gender-Equity-Project-300x199.png",300,199,true],"medium_large":["https:\/\/www.sacregcf.org\/wp-content\/uploads\/2023\/09\/Photo-1-Race-and-Gender-Equity-Project-768x511.png",768,511,true],"large":["https:\/\/www.sacregcf.org\/wp-content\/uploads\/2023\/09\/Photo-1-Race-and-Gender-Equity-Project-e1734749253255.png",934,621,false],"default":"https:\/\/www.sacregcf.org\/wp-content\/plugins\/the-plus-addons-for-block-editor\/assets\/images\/tpgb-placeholder.jpg"},"tpgb_post_meta_info":{"get_date":"September 13, 2023","get_modified_date":"June 28, 2026","category_list":{"category":[{"term_id":78,"name":"T\u00e0i tr\u1ee3 &amp;; Gi\u1ea3i th\u01b0\u1edfng","slug":"tai-tro-giai-thuong","term_group":0,"term_taxonomy_id":78,"taxonomy":"category","description":"","parent":63,"count":23,"filter":"raw"},{"term_id":63,"name":"Tin t\u1ee9c","slug":"tin-tuc","term_group":0,"term_taxonomy_id":63,"taxonomy":"category","description":"","parent":0,"count":66,"filter":"raw"}],"post_tag":[{"term_id":193,"name":"Gi\u00e1o d\u1ee5c &amp; S\u1ee9c kh\u1ecfe T\u00e2m th\u1ea7n","slug":"giao-duc-suc-khoe-tam-than","term_group":0,"term_taxonomy_id":193,"taxonomy":"post_tag","description":"","parent":0,"count":11,"filter":"raw"},{"term_id":131,"name":"Qu\u1ef9 t\u00e1c \u0111\u1ed9ng","slug":"quy-tac-dong","term_group":0,"term_taxonomy_id":131,"taxonomy":"post_tag","description":"","parent":0,"count":20,"filter":"raw"},{"term_id":60,"name":"T\u1ed5 ch\u1ee9c phi l\u1ee3i nhu\u1eadn","slug":"to-chuc-phi-loi-nhuan","term_group":0,"term_taxonomy_id":60,"taxonomy":"post_tag","description":"","parent":0,"count":22,"filter":"raw"}]},"author_name":"Vasey Coman","author_url":"https:\/\/www.sacregcf.org\/vi\/author\/vasey\/","author_email":"Vasey@sacregcf.org","author_website":"","author_description":"","author_facebook":"","author_twitter":"","author_instagram":"","author_role":["administrator","staff_liaison","member","member_communications","member_philanthropy","member_professional_advisors"],"author_firstname":"Vasey","author_lastname":"Coman","user_login":"vasey","comment_count":0,"post_likes":0,"post_views":0},"tpgb_post_category":{"category":"<a href=\"https:\/\/www.sacregcf.org\/vi\/category\/tin-tuc\/tai-tro-giai-thuong\/\" alt=\"T\u00e0i tr\u1ee3 &amp;; Gi\u1ea3i th\u01b0\u1edfng\"  class=\"category-tai-tro-giai-thuong\">T\u00e0i tr\u1ee3 &amp;; Gi\u1ea3i th\u01b0\u1edfng<\/a> <a href=\"https:\/\/www.sacregcf.org\/vi\/category\/tin-tuc\/\" alt=\"Tin t\u1ee9c\"  class=\"category-tin-tuc\">Tin t\u1ee9c<\/a> ","post_tag":"<a href=\"https:\/\/www.sacregcf.org\/vi\/tag\/giao-duc-suc-khoe-tam-than\/\" alt=\"Gi\u00e1o d\u1ee5c &amp; S\u1ee9c kh\u1ecfe T\u00e2m th\u1ea7n\"  class=\"post_tag-giao-duc-suc-khoe-tam-than\">Gi\u00e1o d\u1ee5c &amp; S\u1ee9c kh\u1ecfe T\u00e2m th\u1ea7n<\/a> <a href=\"https:\/\/www.sacregcf.org\/vi\/tag\/quy-tac-dong\/\" alt=\"Qu\u1ef9 t\u00e1c \u0111\u1ed9ng\"  class=\"post_tag-quy-tac-dong\">Qu\u1ef9 t\u00e1c \u0111\u1ed9ng<\/a> <a href=\"https:\/\/www.sacregcf.org\/vi\/tag\/to-chuc-phi-loi-nhuan\/\" alt=\"T\u1ed5 ch\u1ee9c phi l\u1ee3i nhu\u1eadn\"  class=\"post_tag-to-chuc-phi-loi-nhuan\">T\u1ed5 ch\u1ee9c phi l\u1ee3i nhu\u1eadn<\/a> "},"jetpack_sharing_enabled":true,"jetpack_featured_media_url":"https:\/\/www.sacregcf.org\/wp-content\/uploads\/2023\/09\/Photo-1-Race-and-Gender-Equity-Project-e1734749253255.png","_links":{"self":[{"href":"https:\/\/www.sacregcf.org\/vi\/wp-json\/wp\/v2\/posts\/12774","targetHints":{"allow":["GET"]}}],"collection":[{"href":"https:\/\/www.sacregcf.org\/vi\/wp-json\/wp\/v2\/posts"}],"about":[{"href":"https:\/\/www.sacregcf.org\/vi\/wp-json\/wp\/v2\/types\/post"}],"author":[{"embeddable":true,"href":"https:\/\/www.sacregcf.org\/vi\/wp-json\/wp\/v2\/users\/2"}],"replies":[{"embeddable":true,"href":"https:\/\/www.sacregcf.org\/vi\/wp-json\/wp\/v2\/comments?post=12774"}],"version-history":[{"count":0,"href":"https:\/\/www.sacregcf.org\/vi\/wp-json\/wp\/v2\/posts\/12774\/revisions"}],"wp:featuredmedia":[{"embeddable":true,"href":"https:\/\/www.sacregcf.org\/vi\/wp-json\/wp\/v2\/media\/15132"}],"wp:attachment":[{"href":"https:\/\/www.sacregcf.org\/vi\/wp-json\/wp\/v2\/media?parent=12774"}],"wp:term":[{"taxonomy":"category","embeddable":true,"href":"https:\/\/www.sacregcf.org\/vi\/wp-json\/wp\/v2\/categories?post=12774"},{"taxonomy":"post_tag","embeddable":true,"href":"https:\/\/www.sacregcf.org\/vi\/wp-json\/wp\/v2\/tags?post=12774"}],"curies":[{"name":"wp","href":"https:\/\/api.w.org\/{rel}","templated":true}]}}